{"id":17594,"date":"2017-11-03T10:00:11","date_gmt":"2017-11-03T07:00:11","guid":{"rendered":"http:\/\/www.digitalcarmagazine.com.tr\/Web\/?p=17594"},"modified":"2017-11-04T01:07:43","modified_gmt":"2017-11-03T22:07:43","slug":"trafige-cozum-bulundu","status":"publish","type":"post","link":"https:\/\/www.digitalcarmagazine.com.tr\/Web\/trafige-cozum-bulundu\/","title":{"rendered":"Trafi\u011fe \u00e7\u00f6z\u00fcm bulundu"},"content":{"rendered":"<p>Transist 2017 fuar\u0131nda d\u00fczenlenen\u00a0<i>&#8220;Gelece\u011fin Ula\u015f\u0131m\u0131na Y\u00f6n veren De\u011fi\u015fim: A\u00e7\u0131k \u0130novasyon&#8221;<\/i>\u00a0panelinde konu\u015fan YOLO Y\u00f6netim Kurulu Ba\u015fkan\u0131 Haydar \u00c7olako\u011flu, \u0130stanbul halk\u0131n\u0131n ula\u015f\u0131m sorununu \u00e7\u00f6zmek i\u00e7in \u00f6zel sekt\u00f6r, belediye ve kamunun birlikte hareket etmesi gerekti\u011fine dikkat \u00e7ekerek, &#8220;Biz de YOLO olarak payla\u015f\u0131m ekonomisi ile trafik sorununun \u00e7\u00f6z\u00fcm\u00fcne katk\u0131 sunmay\u0131 hedefliyoruz&#8221; dedi.<\/p>\n<p><img loading=\"lazy\" class=\"alignnone size-large wp-image-17595\" src=\"https:\/\/www.digitalcarmagazine.com.tr\/Web\/wp-content\/uploads\/1509694508_YOLO_Y__netim_Kurulu_Ba__kan___Haydar___olako__lu_3-1024x683.jpg\" alt=\"\" width=\"840\" height=\"560\" srcset=\"https:\/\/www.digitalcarmagazine.com.tr\/Web\/wp-content\/uploads\/1509694508_YOLO_Y__netim_Kurulu_Ba__kan___Haydar___olako__lu_3-1024x683.jpg 1024w, https:\/\/www.digitalcarmagazine.com.tr\/Web\/wp-content\/uploads\/1509694508_YOLO_Y__netim_Kurulu_Ba__kan___Haydar___olako__lu_3-300x200.jpg 300w, https:\/\/www.digitalcarmagazine.com.tr\/Web\/wp-content\/uploads\/1509694508_YOLO_Y__netim_Kurulu_Ba__kan___Haydar___olako__lu_3-768x512.jpg 768w, https:\/\/www.digitalcarmagazine.com.tr\/Web\/wp-content\/uploads\/1509694508_YOLO_Y__netim_Kurulu_Ba__kan___Haydar___olako__lu_3-1920x1280.jpg 1920w, https:\/\/www.digitalcarmagazine.com.tr\/Web\/wp-content\/uploads\/1509694508_YOLO_Y__netim_Kurulu_Ba__kan___Haydar___olako__lu_3-600x400.jpg 600w\" sizes=\"(max-width: 840px) 100vw, 840px\" \/><\/p>\n<p>\u015eehrin kaosu ve karma\u015fas\u0131nda yolculu\u011fu kendine dert edinen herkese, kaliteli ve rahat bir ula\u015f\u0131m hizmeti sunma hedefiyle yakla\u015f\u0131k bir y\u0131l \u00f6nce YOLO ile yola \u00e7\u0131kt\u0131klar\u0131n\u0131 belirten \u00c7olako\u011flu \u015funlar\u0131 s\u00f6yledi: &#8220;Kara, hava ve denizde mobil aplikasyon \u00fczerinden hizmet veriyoruz. Hedefimiz daha rahat ula\u015f\u0131m imkan\u0131 sunmak ve insanlar\u0131n ara\u00e7 sat\u0131n almadan fayda sat\u0131n almas\u0131n\u0131 sa\u011flamak&#8221;.<\/p>\n<p><strong>YOLO yak\u0131nda Ankara&#8217;da olacak<\/strong><\/p>\n<p>\u00c7olako\u011flu, \u015fof\u00f6rlerin kendi ara\u00e7lar\u0131yla sisteme girdikleri YOLO ile hem yolcular\u0131n hem de s\u00fcr\u00fcc\u00fclerin haklar\u0131n\u0131 g\u00f6zettiklerini vurgulayarak bir sonraki ad\u0131m\u0131 Ankara&#8217;da atacaklar\u0131n\u0131 ifade etti. &#8220;G\u00fcnde 500 araba ile 2 bin s\u00fcr\u00fc\u015f yap\u0131yoruz. \u0130stanbul&#8217;un her noktas\u0131nda arac\u0131m\u0131z var. Yak\u0131n zamanda Ankara&#8217;da da hizmet vermeyi planl\u0131yoruz&#8221; diyen \u00c7olako\u011flu \u015f\u00f6yle devam etti: &#8220;Yerli ve milli bir \u015firketiz. KDV&#8217;mizi ve Kurumlar Vergi&#8217;mizi \u00f6d\u00fcyoruz. YOLO olarak hem ula\u015f\u0131m\u0131n geli\u015fmesine hem de trafi\u011fin azalmas\u0131na katk\u0131 sunmay\u0131 hedefliyoruz&#8221;.<\/p>\n","protected":false},"excerpt":{"rendered":"<p>Transist 2017 fuar\u0131nda d\u00fczenlenen\u00a0&#8220;Gelece\u011fin Ula\u015f\u0131m\u0131na Y\u00f6n veren De\u011fi\u015fim: A\u00e7\u0131k \u0130novasyon&#8221;\u00a0panelinde konu\u015fan YOLO Y\u00f6netim Kurulu Ba\u015fkan\u0131 Haydar \u00c7olako\u011flu, \u0130stanbul halk\u0131n\u0131n ula\u015f\u0131m sorununu \u00e7\u00f6zmek i\u00e7in \u00f6zel sekt\u00f6r, belediye ve kamunun birlikte hareket etmesi gerekti\u011fine dikkat \u00e7ekerek, &#8220;Biz de YOLO olarak payla\u015f\u0131m ekonomisi ile trafik sorununun \u00e7\u00f6z\u00fcm\u00fcne katk\u0131 sunmay\u0131 hedefliyoruz&#8221; dedi. \u015eehrin kaosu ve karma\u015fas\u0131nda yolculu\u011fu kendine dert [&hellip;]<\/p>\n","protected":false},"author":1,"featured_media":17595,"comment_status":"open","ping_status":"open","sticky":false,"template":"","format":"standard","meta":[],"categories":[1],"tags":[11824,11832,11830,11829,11827,11826,11825,11831,11823,11828],"_links":{"self":[{"href":"https:\/\/www.digitalcarmagazine.com.tr\/Web\/wp-json\/wp\/v2\/posts\/17594"}],"collection":[{"href":"https:\/\/www.digitalcarmagazine.com.tr\/Web\/wp-json\/wp\/v2\/posts"}],"about":[{"href":"https:\/\/www.digitalcarmagazine.com.tr\/Web\/wp-json\/wp\/v2\/types\/post"}],"author":[{"embeddable":true,"href":"https:\/\/www.digitalcarmagazine.com.tr\/Web\/wp-json\/wp\/v2\/users\/1"}],"replies":[{"embeddable":true,"href":"https:\/\/www.digitalcarmagazine.com.tr\/Web\/wp-json\/wp\/v2\/comments?post=17594"}],"version-history":[{"count":1,"href":"https:\/\/www.digitalcarmagazine.com.tr\/Web\/wp-json\/wp\/v2\/posts\/17594\/revisions"}],"predecessor-version":[{"id":17596,"href":"https:\/\/www.digitalcarmagazine.com.tr\/Web\/wp-json\/wp\/v2\/posts\/17594\/revisions\/17596"}],"wp:featuredmedia":[{"embeddable":true,"href":"https:\/\/www.digitalcarmagazine.com.tr\/Web\/wp-json\/wp\/v2\/media\/17595"}],"wp:attachment":[{"href":"https:\/\/www.digitalcarmagazine.com.tr\/Web\/wp-json\/wp\/v2\/media?parent=17594"}],"wp:term":[{"taxonomy":"category","embeddable":true,"href":"https:\/\/www.digitalcarmagazine.com.tr\/Web\/wp-json\/wp\/v2\/categories?post=17594"},{"taxonomy":"post_tag","embeddable":true,"href":"https:\/\/www.digitalcarmagazine.com.tr\/Web\/wp-json\/wp\/v2\/tags?post=17594"}],"curies":[{"name":"wp","href":"https:\/\/api.w.org\/{rel}","templated":true}]}}