{"id":17532,"date":"2017-10-28T23:30:02","date_gmt":"2017-10-28T20:30:02","guid":{"rendered":"http:\/\/www.digitalcarmagazine.com.tr\/Web\/?p=17532"},"modified":"2017-10-28T22:45:47","modified_gmt":"2017-10-28T19:45:47","slug":"honda-2017-tokyo-otomobil-fuarinda-govde-gosterisi-yapiyor","status":"publish","type":"post","link":"https:\/\/www.digitalcarmagazine.com.tr\/Web\/honda-2017-tokyo-otomobil-fuarinda-govde-gosterisi-yapiyor\/","title":{"rendered":"Honda, 2017 Tokyo Otomobil Fuar\u0131nda  g\u00f6vde g\u00f6sterisi yap\u0131yor"},"content":{"rendered":"<p>Honda\u2019n\u0131n bu y\u0131lki stand\u0131 mobilite ve ya\u015fam tarz\u0131na y\u00f6nelik \u00fcr\u00fcn \u00e7e\u015fitlili\u011fini fuar<br \/>\nziyaret\u00e7ilerinin be\u011fenisine sunacak. Honda, 2017 Tokyo Otomobil Fuar\u0131nda d\u00fcnya tan\u0131t\u0131m\u0131n\u0131<br \/>\nyapaca\u011f\u0131 Honda Sports EV Concept gibi elektrikli otomobiller d\u0131\u015f\u0131nda Japonya lansman\u0131n\u0131<br \/>\nyapaca\u011f\u0131 Honda CR-V gibi prestijli modeller de sergileyecek. Bu y\u0131l\u0131n ekim ay\u0131nda 100 milyon<br \/>\nadede ula\u015fan S\u00fcper Cub modelinin bu \u00f6nemli mihenk ta\u015f\u0131n\u0131 yeni bir modelle kutlayan Honda<br \/>\nstand\u0131nda Super Cub modelinin yakla\u015f\u0131k 60 y\u0131ll\u0131k ge\u00e7mi\u015fini \u00f6zetleyen eski modelleri, mevcut<br \/>\nmodelleri ve gelece\u011fi de sergilenecek.<\/p>\n<p><img loading=\"lazy\" class=\"alignnone size-large wp-image-17534\" src=\"https:\/\/www.digitalcarmagazine.com.tr\/Web\/wp-content\/uploads\/116667_Honda_Sports_EV_Concept-1024x576.jpg\" alt=\"\" width=\"840\" height=\"473\" srcset=\"https:\/\/www.digitalcarmagazine.com.tr\/Web\/wp-content\/uploads\/116667_Honda_Sports_EV_Concept-1024x576.jpg 1024w, https:\/\/www.digitalcarmagazine.com.tr\/Web\/wp-content\/uploads\/116667_Honda_Sports_EV_Concept-300x169.jpg 300w, https:\/\/www.digitalcarmagazine.com.tr\/Web\/wp-content\/uploads\/116667_Honda_Sports_EV_Concept-768x432.jpg 768w, https:\/\/www.digitalcarmagazine.com.tr\/Web\/wp-content\/uploads\/116667_Honda_Sports_EV_Concept-1920x1080.jpg 1920w, https:\/\/www.digitalcarmagazine.com.tr\/Web\/wp-content\/uploads\/116667_Honda_Sports_EV_Concept-600x338.jpg 600w\" sizes=\"(max-width: 840px) 100vw, 840px\" \/><br \/>\nStand\u0131n motorsporlar\u0131 b\u00f6l\u00fcm\u00fc ziyaret\u00e7ilerini ger\u00e7ek yar\u0131\u015f ara\u00e7lar\u0131na binme veya dokunma<br \/>\ngibi e\u011flenceli aktivitelere davet ederken, stand\u0131n ortas\u0131 dinlenme ve sohbet alan\u0131 olarak stant<br \/>\nziyaret\u00e7ilerini a\u011f\u0131rlayacak. Tokyo Otomobil Fuar\u0131 organizasyonun aile ba\u011flar\u0131n\u0131 g\u00fc\u00e7lendirme hedefiyle d\u00fczenledi\u011fi \u201cAilenle daha fazla vakit ge\u00e7ir\u201d konseptli &#8220;TOKYO CONNECTED LAB 2017&#8221; etkinli\u011fine de kat\u0131lacak olan Honda burada &#8220;Honda Ie-mobi Concept&#8221; (\u2018Ie\u2019 Japoncada \u2018ev\u2019 anlam\u0131na geliyor) d\u0131\u015f\u0131nda Honda Fure-mobi Concept, Honda Chair-mobi Concept, Honda Ai-Miimo Concept gibi \u00f6zel mobilite \u00e7\u00f6z\u00fcmlerini sergileyecek.<\/p>\n<p>Fuar\u0131n \u00f6ne \u00e7\u0131kan Honda yenilikleri<br \/>\nD\u00fcnya tan\u0131t\u0131m\u0131 yap\u0131lacak olan Honda Sports EV Concept, EV performans\u0131 ile AI \u00e7\u00f6z\u00fcm\u00fcn\u00fc<br \/>\nkompakt bir formda bir araya getirerek otomobil ile tam anlam\u0131yla b\u00fct\u00fcnle\u015fme hissi vermeyi<br \/>\nama\u00e7l\u0131yor. Honda Urban EV Concept ile ayn\u0131 platformu payla\u015fan ara\u00e7, benzersiz silueti, b\u00fcnyesinde bar\u0131nd\u0131rd\u0131\u011f\u0131 ya\u015fam tarz\u0131n\u0131 tasar\u0131m\u0131na da yans\u0131tan g\u00f6r\u00fcn\u00fcm\u00fc ve zarif hatlar\u0131yla<br \/>\nduygular\u0131 harekete ge\u00e7iren yeni nesil bir spor otomobil olarak \u00f6ne \u00e7\u0131k\u0131yor.<\/p>\n<p><img loading=\"lazy\" class=\"alignnone size-large wp-image-17533\" src=\"https:\/\/www.digitalcarmagazine.com.tr\/Web\/wp-content\/uploads\/116666_Honda_Sports_EV_Concept-1024x576.jpg\" alt=\"\" width=\"840\" height=\"473\" srcset=\"https:\/\/www.digitalcarmagazine.com.tr\/Web\/wp-content\/uploads\/116666_Honda_Sports_EV_Concept-1024x576.jpg 1024w, https:\/\/www.digitalcarmagazine.com.tr\/Web\/wp-content\/uploads\/116666_Honda_Sports_EV_Concept-300x169.jpg 300w, https:\/\/www.digitalcarmagazine.com.tr\/Web\/wp-content\/uploads\/116666_Honda_Sports_EV_Concept-768x432.jpg 768w, https:\/\/www.digitalcarmagazine.com.tr\/Web\/wp-content\/uploads\/116666_Honda_Sports_EV_Concept-1920x1080.jpg 1920w, https:\/\/www.digitalcarmagazine.com.tr\/Web\/wp-content\/uploads\/116666_Honda_Sports_EV_Concept-600x338.jpg 600w\" sizes=\"(max-width: 840px) 100vw, 840px\" \/><\/p>\n<p>Japonya tan\u0131t\u0131m\u0131 ger\u00e7ekle\u015ftirilecek olan Honda Urban EV Concept elektrikli ara\u00e7lar i\u00e7in \u00f6zel<br \/>\nolarak geli\u015ftirilen yeni bir platform \u00fczerine in\u015fa edilirken geni\u015f kitlelere ula\u015facak olan<br \/>\nelektrikli ara\u00e7lar\u0131n gelece\u011fine \u0131\u015f\u0131k tutuyor. Kompakt boyutlar\u0131 kent i\u00e7i s\u00fcr\u00fc\u015flerini desteklerken<br \/>\nyal\u0131n tasar\u0131m\u0131 \u2018e\u011flenceli bir s\u00fcr\u00fc\u015f\u2019 ve \u2018dostluk ve samimiyet\u2019 gibi kavramlar\u0131 destekliyor.<br \/>\nHonda Urban EV Concept, AI ve kullan\u0131c\u0131ya mesajlar\u0131 ileten otomobilin \u00f6n ekran\u0131 gibi<br \/>\nteknolojiler arac\u0131l\u0131\u011f\u0131yla insanlarla otomobiller aras\u0131ndaki do\u011fal ileti\u015fim tesis ediyor.<br \/>\nJaponya tan\u0131t\u0131m\u0131 yap\u0131lacak olan Honda NeuV otonom s\u00fcr\u00fc\u015f teknolojisi ve AI arac\u0131l\u0131\u011f\u0131yla<br \/>\ntamamen yeni mobilite olanaklar\u0131n\u0131 g\u00f6zler \u00f6n\u00fcne seriyor. S\u00fcr\u00fc\u015f g\u00fcvenli\u011fini desteklemek i\u00e7in<br \/>\ny\u00fcz ifadelerinden ve ses tonlar\u0131ndan s\u00fcr\u00fcc\u00fcn\u00fcn stres seviyesini belirleyen ve s\u00fcr\u00fcc\u00fcn\u00fcn<br \/>\nya\u015fam bi\u00e7imini ve tercihlerini \u00f6\u011frenerek duruma g\u00f6re s\u00fcr\u00fcc\u00fcye \u00f6neriler de sunan ara\u00e7<br \/>\ns\u00fcr\u00fcc\u00fc ve mobilite aras\u0131nda do\u011fal bir ileti\u015fim tesis ediyor. Ara\u00e7 sahibinin izin vermesi halinde<br \/>\nNeuV, kullan\u0131lmad\u0131\u011f\u0131 zamanlarda otonom otomobil payla\u015f\u0131m\u0131na da imkan tan\u0131yor.<br \/>\nJaponya tan\u0131t\u0131m\u0131 ger\u00e7ekle\u015ftirilecek olan Honda CR-V, geli\u015fmi\u015f fonksiyonellik \u00f6zellikleri ile<br \/>\nbinek otomobil s\u00fcr\u00fc\u015f dinamiklerini ayn\u0131 potada eriten bir SUV olup, d\u00fcnya \u00e7ap\u0131nda 160&#8242; tan<br \/>\nfazla \u00fclke ve b\u00f6lgede sat\u0131\u015fa sunuluyor. Be\u015finci nesil CR-V, Honda&#8217;n\u0131n benzersiz \u201cSPORT<br \/>\nH\u0130BR\u0130T i-MMD\u201d teknolojisi ile donat\u0131lan ilk seri \u00fcretim hibrit model olmas\u0131yla \u00f6ne \u00e7\u0131k\u0131yor. \u0130ki<br \/>\nadet elektromotordan olu\u015fan hibrit sistem \u00f6nden \u00e7eki\u015fli ve d\u00f6rt tekerlekten \u00e7eki\u015fli<br \/>\nmodellerde sunulacak. Fonksiyonellik daha da artt\u0131r\u0131l\u0131rken \u00fc\u00e7\u00fcnc\u00fc koltuk s\u0131ras\u0131na sahip bir<br \/>\nbenzinli versiyon da \u00fcr\u00fcn gam\u0131na dahil edildi. Ayr\u0131ca Honda&#8217;n\u0131n geli\u015fmi\u015f g\u00fcvenli s\u00fcr\u00fc\u015f destek<br \/>\nsistemi &#8220;Honda Sensing&#8221; standart donan\u0131m olarak sunuluyor.<\/p>\n","protected":false},"excerpt":{"rendered":"<p>Honda\u2019n\u0131n bu y\u0131lki stand\u0131 mobilite ve ya\u015fam tarz\u0131na y\u00f6nelik \u00fcr\u00fcn \u00e7e\u015fitlili\u011fini fuar ziyaret\u00e7ilerinin be\u011fenisine sunacak. Honda, 2017 Tokyo Otomobil Fuar\u0131nda d\u00fcnya tan\u0131t\u0131m\u0131n\u0131 yapaca\u011f\u0131 Honda Sports EV Concept gibi elektrikli otomobiller d\u0131\u015f\u0131nda Japonya lansman\u0131n\u0131 yapaca\u011f\u0131 Honda CR-V gibi prestijli modeller de sergileyecek. Bu y\u0131l\u0131n ekim ay\u0131nda 100 milyon adede ula\u015fan S\u00fcper Cub modelinin bu \u00f6nemli mihenk [&hellip;]<\/p>\n","protected":false},"author":1,"featured_media":17533,"comment_status":"open","ping_status":"open","sticky":false,"template":"","format":"standard","meta":[],"categories":[1,11726],"tags":[11706,11707,11697,11700,11701,11699,11698,11705,11702,11696,11703,11704],"_links":{"self":[{"href":"https:\/\/www.digitalcarmagazine.com.tr\/Web\/wp-json\/wp\/v2\/posts\/17532"}],"collection":[{"href":"https:\/\/www.digitalcarmagazine.com.tr\/Web\/wp-json\/wp\/v2\/posts"}],"about":[{"href":"https:\/\/www.digitalcarmagazine.com.tr\/Web\/wp-json\/wp\/v2\/types\/post"}],"author":[{"embeddable":true,"href":"https:\/\/www.digitalcarmagazine.com.tr\/Web\/wp-json\/wp\/v2\/users\/1"}],"replies":[{"embeddable":true,"href":"https:\/\/www.digitalcarmagazine.com.tr\/Web\/wp-json\/wp\/v2\/comments?post=17532"}],"version-history":[{"count":1,"href":"https:\/\/www.digitalcarmagazine.com.tr\/Web\/wp-json\/wp\/v2\/posts\/17532\/revisions"}],"predecessor-version":[{"id":17535,"href":"https:\/\/www.digitalcarmagazine.com.tr\/Web\/wp-json\/wp\/v2\/posts\/17532\/revisions\/17535"}],"wp:featuredmedia":[{"embeddable":true,"href":"https:\/\/www.digitalcarmagazine.com.tr\/Web\/wp-json\/wp\/v2\/media\/17533"}],"wp:attachment":[{"href":"https:\/\/www.digitalcarmagazine.com.tr\/Web\/wp-json\/wp\/v2\/media?parent=17532"}],"wp:term":[{"taxonomy":"category","embeddable":true,"href":"https:\/\/www.digitalcarmagazine.com.tr\/Web\/wp-json\/wp\/v2\/categories?post=17532"},{"taxonomy":"post_tag","embeddable":true,"href":"https:\/\/www.digitalcarmagazine.com.tr\/Web\/wp-json\/wp\/v2\/tags?post=17532"}],"curies":[{"name":"wp","href":"https:\/\/api.w.org\/{rel}","templated":true}]}}