{"id":17521,"date":"2017-10-28T22:36:43","date_gmt":"2017-10-28T19:36:43","guid":{"rendered":"http:\/\/www.digitalcarmagazine.com.tr\/Web\/?p=17521"},"modified":"2017-10-28T22:36:43","modified_gmt":"2017-10-28T19:36:43","slug":"dunya-ralli-sampiyonasi-2018de-marmariste","status":"publish","type":"post","link":"https:\/\/www.digitalcarmagazine.com.tr\/Web\/dunya-ralli-sampiyonasi-2018de-marmariste\/","title":{"rendered":"D\u00fcnya Ralli \u015eampiyonas\u0131 2018\u2019de Marmaris\u2019te.."},"content":{"rendered":"<p>Uluslararas\u0131 Otomobil Sporlar\u0131 Federasyonu FIA\u2019n\u0131n ralli komisyonu, \u00fclkemizin e\u015fsiz tatil beldesi Marmaris\u2019te hafta sonu ger\u00e7ekle\u015fen Marmaris Rallisi\u2019nin 2018\u2019de D\u00fcnya Ralli \u015eampiyonas\u0131\u2019na dahil edildi\u011fini resmi olarak a\u00e7\u0131klad\u0131\u2026 T\u00fcrkiye, 13 yar\u0131\u015ftan olu\u015fan takvimin 10. yar\u0131\u015f\u0131 olarak 13-16 Eyl\u00fcl tarihlerinde Mu\u011fla ve \u00e7evresinde ger\u00e7ekle\u015ftirilecek.<\/p>\n<p><img loading=\"lazy\" class=\"alignnone size-large wp-image-17522\" src=\"https:\/\/www.digitalcarmagazine.com.tr\/Web\/wp-content\/uploads\/1508943681_MarmarisRallyTurkey_01-1024x683.jpg\" alt=\"\" width=\"840\" height=\"560\" srcset=\"https:\/\/www.digitalcarmagazine.com.tr\/Web\/wp-content\/uploads\/1508943681_MarmarisRallyTurkey_01-1024x683.jpg 1024w, https:\/\/www.digitalcarmagazine.com.tr\/Web\/wp-content\/uploads\/1508943681_MarmarisRallyTurkey_01-300x200.jpg 300w, https:\/\/www.digitalcarmagazine.com.tr\/Web\/wp-content\/uploads\/1508943681_MarmarisRallyTurkey_01-768x512.jpg 768w, https:\/\/www.digitalcarmagazine.com.tr\/Web\/wp-content\/uploads\/1508943681_MarmarisRallyTurkey_01-1920x1280.jpg 1920w, https:\/\/www.digitalcarmagazine.com.tr\/Web\/wp-content\/uploads\/1508943681_MarmarisRallyTurkey_01-600x400.jpg 600w, https:\/\/www.digitalcarmagazine.com.tr\/Web\/wp-content\/uploads\/1508943681_MarmarisRallyTurkey_01.jpg 2048w\" sizes=\"(max-width: 840px) 100vw, 840px\" \/><br \/>\nFIA Ralli Komisyonu Ba\u015fkan\u0131 Jarmo Mahonen ve FIA G\u00fcvenlik Delegesi Mich\u00e8le Mouton\u2019un yan\u0131 s\u0131ra bu yar\u0131\u015f\u0131 g\u00f6zlemleyip, de\u011ferlendirmek i\u00e7in Marmaris\u2019e gelen uluslararas\u0131 otorite FIA\u2019n\u0131n di\u011fer yetkilileri, etaplar\u0131n kalitesi ve servis alan\u0131na hayran kald\u0131klar\u0131n\u0131 dile getirdiler. D\u00fcnya Ralli \u015eampiyonas\u0131\u2019nda (WRC) m\u00fccadele eden M-Sport World Rally Team ile Toyota Gazoo Racing yetkilileri de gelecek y\u0131l m\u00fccadele edecekleri Marmaris Rallisi i\u00e7in g\u00fczel tatil beldesinde detayl\u0131 incelemelerde bulundular.<\/p>\n<p><img loading=\"lazy\" class=\"alignnone size-large wp-image-17523\" src=\"https:\/\/www.digitalcarmagazine.com.tr\/Web\/wp-content\/uploads\/1508943681_MarmarisRallyTurkey_02-1024x682.jpg\" alt=\"\" width=\"840\" height=\"559\" srcset=\"https:\/\/www.digitalcarmagazine.com.tr\/Web\/wp-content\/uploads\/1508943681_MarmarisRallyTurkey_02-1024x682.jpg 1024w, https:\/\/www.digitalcarmagazine.com.tr\/Web\/wp-content\/uploads\/1508943681_MarmarisRallyTurkey_02-300x200.jpg 300w, https:\/\/www.digitalcarmagazine.com.tr\/Web\/wp-content\/uploads\/1508943681_MarmarisRallyTurkey_02-768x512.jpg 768w, https:\/\/www.digitalcarmagazine.com.tr\/Web\/wp-content\/uploads\/1508943681_MarmarisRallyTurkey_02-1920x1280.jpg 1920w, https:\/\/www.digitalcarmagazine.com.tr\/Web\/wp-content\/uploads\/1508943681_MarmarisRallyTurkey_02-600x400.jpg 600w, https:\/\/www.digitalcarmagazine.com.tr\/Web\/wp-content\/uploads\/1508943681_MarmarisRallyTurkey_02.jpg 2000w\" sizes=\"(max-width: 840px) 100vw, 840px\" \/><br \/>\nD\u00fcnya Ralli \u015eampiyonas\u0131\u2019n\u0131n (WRC) promot\u00f6r direkt\u00f6r\u00fc Oliver Ciesla ise rallinin bitiminde; \u201cWRC takvimine uygun olan bir ralli izlemek istedik, T\u00fcrkiye Otomobil Sporlar\u0131 Federasyonu TOSFED de bunu kusursuz \u015fekilde ba\u015fard\u0131. T\u00fcm ekibi tebrik ediyorum ve 2018\u2019de takvime d\u00f6n\u00fc\u015flerini kutluyorum. Gelecek y\u0131l\u0131n takvimi, spor tarihindeki en iyi anlardan biri olacak. Marmaris\u2019te ormanda ge\u00e7en etaplar, denizi kucaklayarak arka planda harika bir manzara olu\u015fturuyor. WRC hayranlar\u0131 Marmaris\u2019te m\u00fckemmel g\u00f6r\u00fcnt\u00fclerle kar\u015f\u0131 kar\u015f\u0131ya kalacaklar\u201d ifadesini kulland\u0131\u2026<\/p>\n<p>T\u00fcrkiye Otomobil Sporlar\u0131 Federasyonu TOSFED\u2019in Ba\u015fkan\u0131 Serkan Yaz\u0131c\u0131 da, \u201cD\u00fcnya Ralli \u015eampiyonas\u0131\u2019n\u0131n \u00fclkemize yeniden gelmesi i\u00e7in ger\u00e7ekten \u00e7ok \u00e7al\u0131\u015ft\u0131k, ba\u015fta Cumhurba\u015fkan\u0131m\u0131z Say\u0131n Recep Tayyip Erdo\u011fan ve Marmaris\u2019e gelerek rallinin start\u0131n\u0131 veren Gen\u00e7lik ve Spor Bakan\u0131 Say\u0131n Osman A\u015fk\u0131n Bak\u2019\u0131n bize verdikleri destekle kusursuz bir organizasyona ev sahipli\u011fi yapt\u0131k. Elbette Mu\u011fla Valimiz, Marmaris Belediye Ba\u015fkan\u0131m\u0131z ve di\u011fer t\u00fcm yetkililer verdikleri destekler ve sa\u011flad\u0131klar\u0131 imkanlarla bu ba\u015far\u0131y\u0131 yakalamam\u0131z\u0131 sa\u011flad\u0131lar. D\u00fcnya Ralli \u015eampiyonas\u0131\u2019n\u0131n \u00fclkemize geri gelmesinden \u00e7ok memnunuz ve unutulmayacak muhte\u015fem bir organizasyon yapmak i\u00e7in \u00e7ok \u00e7al\u0131\u015faca\u011f\u0131z\u201d \u015feklinde bir a\u00e7\u0131klama yapt\u0131\u2026<\/p>\n","protected":false},"excerpt":{"rendered":"<p>Uluslararas\u0131 Otomobil Sporlar\u0131 Federasyonu FIA\u2019n\u0131n ralli komisyonu, \u00fclkemizin e\u015fsiz tatil beldesi Marmaris\u2019te hafta sonu ger\u00e7ekle\u015fen Marmaris Rallisi\u2019nin 2018\u2019de D\u00fcnya Ralli \u015eampiyonas\u0131\u2019na dahil edildi\u011fini resmi olarak a\u00e7\u0131klad\u0131\u2026 T\u00fcrkiye, 13 yar\u0131\u015ftan olu\u015fan takvimin 10. yar\u0131\u015f\u0131 olarak 13-16 Eyl\u00fcl tarihlerinde Mu\u011fla ve \u00e7evresinde ger\u00e7ekle\u015ftirilecek. FIA Ralli Komisyonu Ba\u015fkan\u0131 Jarmo Mahonen ve FIA G\u00fcvenlik Delegesi Mich\u00e8le Mouton\u2019un yan\u0131 s\u0131ra [&hellip;]<\/p>\n","protected":false},"author":1,"featured_media":17523,"comment_status":"open","ping_status":"open","sticky":false,"template":"","format":"standard","meta":[],"categories":[1,10],"tags":[11725,11724,11723],"_links":{"self":[{"href":"https:\/\/www.digitalcarmagazine.com.tr\/Web\/wp-json\/wp\/v2\/posts\/17521"}],"collection":[{"href":"https:\/\/www.digitalcarmagazine.com.tr\/Web\/wp-json\/wp\/v2\/posts"}],"about":[{"href":"https:\/\/www.digitalcarmagazine.com.tr\/Web\/wp-json\/wp\/v2\/types\/post"}],"author":[{"embeddable":true,"href":"https:\/\/www.digitalcarmagazine.com.tr\/Web\/wp-json\/wp\/v2\/users\/1"}],"replies":[{"embeddable":true,"href":"https:\/\/www.digitalcarmagazine.com.tr\/Web\/wp-json\/wp\/v2\/comments?post=17521"}],"version-history":[{"count":1,"href":"https:\/\/www.digitalcarmagazine.com.tr\/Web\/wp-json\/wp\/v2\/posts\/17521\/revisions"}],"predecessor-version":[{"id":17524,"href":"https:\/\/www.digitalcarmagazine.com.tr\/Web\/wp-json\/wp\/v2\/posts\/17521\/revisions\/17524"}],"wp:featuredmedia":[{"embeddable":true,"href":"https:\/\/www.digitalcarmagazine.com.tr\/Web\/wp-json\/wp\/v2\/media\/17523"}],"wp:attachment":[{"href":"https:\/\/www.digitalcarmagazine.com.tr\/Web\/wp-json\/wp\/v2\/media?parent=17521"}],"wp:term":[{"taxonomy":"category","embeddable":true,"href":"https:\/\/www.digitalcarmagazine.com.tr\/Web\/wp-json\/wp\/v2\/categories?post=17521"},{"taxonomy":"post_tag","embeddable":true,"href":"https:\/\/www.digitalcarmagazine.com.tr\/Web\/wp-json\/wp\/v2\/tags?post=17521"}],"curies":[{"name":"wp","href":"https:\/\/api.w.org\/{rel}","templated":true}]}}