{"id":17517,"date":"2017-10-27T23:09:49","date_gmt":"2017-10-27T20:09:49","guid":{"rendered":"http:\/\/www.digitalcarmagazine.com.tr\/Web\/?p=17517"},"modified":"2017-10-27T23:09:49","modified_gmt":"2017-10-27T20:09:49","slug":"renault-formula-1e-yogunlasiyor","status":"publish","type":"post","link":"https:\/\/www.digitalcarmagazine.com.tr\/Web\/renault-formula-1e-yogunlasiyor\/","title":{"rendered":"Renault Formula 1\u2019e yo\u011funla\u015f\u0131yor"},"content":{"rendered":"<p>Formula E \u015eampiyonas\u0131na, ilk y\u0131l\u0131ndan bu yana Renault e.dams tak\u0131m\u0131yla kat\u0131lan ve bu y\u0131l Montreal\u2019de \u00fcst \u00fcste \u00fc\u00e7\u00fcnc\u00fc kez Tak\u0131mlar \u015eampiyonlu\u011fu\u2019nu kazanan Renault, k\u0131sa bir s\u00fcre sonra ba\u015flayacak olan d\u00f6rd\u00fcnc\u00fc sezon sonunda Formula E\u2019den \u00e7ekilece\u011fini duyurdu. T\u00fcm kaynaklar\u0131n\u0131 ve enerjisini Formula 1\u2019deki b\u00fcy\u00fck hedeflerini ger\u00e7ekle\u015ftirmek \u00fczerine yo\u011funla\u015ft\u0131raca\u011f\u0131n\u0131 a\u00e7\u0131klayan Renault\u2019nun, Nissan ile yapm\u0131\u015f oldu\u011fu ortakl\u0131k ise motor sporlar\u0131 yar\u0131\u015flar\u0131nda b\u00fcy\u00fck fayda sa\u011flayacak.<\/p>\n<p><img loading=\"lazy\" class=\"alignnone size-large wp-image-17518\" src=\"https:\/\/www.digitalcarmagazine.com.tr\/Web\/wp-content\/uploads\/1508998784_Formula_1-1024x683.jpg\" alt=\"\" width=\"840\" height=\"560\" srcset=\"https:\/\/www.digitalcarmagazine.com.tr\/Web\/wp-content\/uploads\/1508998784_Formula_1-1024x683.jpg 1024w, https:\/\/www.digitalcarmagazine.com.tr\/Web\/wp-content\/uploads\/1508998784_Formula_1-300x200.jpg 300w, https:\/\/www.digitalcarmagazine.com.tr\/Web\/wp-content\/uploads\/1508998784_Formula_1-768x512.jpg 768w, https:\/\/www.digitalcarmagazine.com.tr\/Web\/wp-content\/uploads\/1508998784_Formula_1-1920x1280.jpg 1920w, https:\/\/www.digitalcarmagazine.com.tr\/Web\/wp-content\/uploads\/1508998784_Formula_1-600x400.jpg 600w\" sizes=\"(max-width: 840px) 100vw, 840px\" \/><\/p>\n<p>2017 y\u0131l\u0131n\u0131n ortalar\u0131nda d\u00fcnyan\u0131n en b\u00fcy\u00fck otomotiv ortakl\u0131\u011f\u0131na imza atan Renault, Nissan ve Mitsubishi, i\u015fbirli\u011fini ve rekabeti art\u0131racak sinerjiyi de maksimum seviyeye \u00e7\u0131karmaya yo\u011funla\u015f\u0131yor. Her markan\u0131n kendi ba\u011f\u0131ms\u0131z kimli\u011fini korudu\u011fu bu ortakl\u0131k kapsam\u0131nda Renault ve Nissan aras\u0131nda m\u00fchendislik, imalat, lojistik, sat\u0131n alma ve insan kaynaklar\u0131 alanlar\u0131nda ortak \u00e7al\u0131\u015fmalar olu\u015fturuldu. Renault, Nissan ve Mitsubishi, ortak platformlar sayesinde elektrikli, otonom ve internet ba\u011flant\u0131l\u0131 teknoloji alanlar\u0131nda \u00e7al\u0131\u015fmalar\u0131n\u0131 h\u0131zland\u0131rmay\u0131 hedefliyor.<\/p>\n<p><img loading=\"lazy\" class=\"alignnone size-large wp-image-17519\" src=\"https:\/\/www.digitalcarmagazine.com.tr\/Web\/wp-content\/uploads\/1508998785_Formula_E-1024x683.jpg\" alt=\"\" width=\"840\" height=\"560\" srcset=\"https:\/\/www.digitalcarmagazine.com.tr\/Web\/wp-content\/uploads\/1508998785_Formula_E-1024x683.jpg 1024w, https:\/\/www.digitalcarmagazine.com.tr\/Web\/wp-content\/uploads\/1508998785_Formula_E-300x200.jpg 300w, https:\/\/www.digitalcarmagazine.com.tr\/Web\/wp-content\/uploads\/1508998785_Formula_E-768x512.jpg 768w, https:\/\/www.digitalcarmagazine.com.tr\/Web\/wp-content\/uploads\/1508998785_Formula_E-1920x1280.jpg 1920w, https:\/\/www.digitalcarmagazine.com.tr\/Web\/wp-content\/uploads\/1508998785_Formula_E-600x400.jpg 600w\" sizes=\"(max-width: 840px) 100vw, 840px\" \/><\/p>\n<p>Konuyla ilgili a\u00e7\u0131klamalarda bulunan Renault Grubu Sat\u0131\u015f ve Pazarlama Ba\u015fkan Yard\u0131mc\u0131s\u0131 Thierry Koskas \u015funlar\u0131 s\u00f6yledi: \u2018<i>\u2019Formula E\u2019deki ilk \u00fc\u00e7 y\u0131l\u0131m\u0131zda inan\u0131lmaz bir performans g\u00f6sterdik. \u0130stikrarl\u0131 performans\u0131m\u0131z\u0131n getirmi\u015f oldu\u011fu deneyim ile d\u00f6rd\u00fcnc\u00fc sezona ba\u015flamak i\u00e7in sab\u0131rs\u0131zlan\u0131yoruz. Elektrikli ara\u00e7 alan\u0131nda \u00f6nc\u00fc bir marka olarak, y\u00fcksek performansl\u0131 elektrikli ara\u00e7lar ve enerji y\u00f6netimi hakk\u0131nda m\u00fc\u015fterilerimize fayda sa\u011flayaca\u011f\u0131m\u0131z yeni veriler elde etme \u015fans\u0131na sahip olduk. D\u00f6rd\u00fcnc\u00fc sezonun ard\u0131ndan t\u00fcm kaynaklar\u0131m\u0131z\u0131 Formula 1\u2019deki agresif hedeflerimize yo\u011funla\u015ft\u0131raca\u011f\u0131z ve Nissan ile yapm\u0131\u015f oldu\u011fumuz ortakl\u0131k \u00e7er\u00e7evesinde motor sporlar\u0131 yar\u0131\u015flar\u0131nda daha iddial\u0131 bir konuma gelece\u011fiz<\/i>.\u00a0<i>Ortakl\u0131k kapsam\u0131nda m\u00fchendislerimiz t\u00fcm markalara avantaj sa\u011flayacak performans verilerini payla\u015fabilecek. Bir yandan yar\u0131\u015f stratejimizi \u00e7e\u015fitlendirirken, di\u011fer yandan da motor sporlar\u0131ndan edindi\u011fimiz deneyimden faydalanmaya devam edece\u011fiz.<\/i>\u2019\u2019<\/p>\n","protected":false},"excerpt":{"rendered":"<p>Formula E \u015eampiyonas\u0131na, ilk y\u0131l\u0131ndan bu yana Renault e.dams tak\u0131m\u0131yla kat\u0131lan ve bu y\u0131l Montreal\u2019de \u00fcst \u00fcste \u00fc\u00e7\u00fcnc\u00fc kez Tak\u0131mlar \u015eampiyonlu\u011fu\u2019nu kazanan Renault, k\u0131sa bir s\u00fcre sonra ba\u015flayacak olan d\u00f6rd\u00fcnc\u00fc sezon sonunda Formula E\u2019den \u00e7ekilece\u011fini duyurdu. T\u00fcm kaynaklar\u0131n\u0131 ve enerjisini Formula 1\u2019deki b\u00fcy\u00fck hedeflerini ger\u00e7ekle\u015ftirmek \u00fczerine yo\u011funla\u015ft\u0131raca\u011f\u0131n\u0131 a\u00e7\u0131klayan Renault\u2019nun, Nissan ile yapm\u0131\u015f oldu\u011fu ortakl\u0131k ise [&hellip;]<\/p>\n","protected":false},"author":1,"featured_media":17519,"comment_status":"open","ping_status":"open","sticky":false,"template":"","format":"standard","meta":[],"categories":[1,10],"tags":[579,7849,11716,11721,11720,11722,11711,11715,11713,11710,11718,11712,11714,11717,11719],"_links":{"self":[{"href":"https:\/\/www.digitalcarmagazine.com.tr\/Web\/wp-json\/wp\/v2\/posts\/17517"}],"collection":[{"href":"https:\/\/www.digitalcarmagazine.com.tr\/Web\/wp-json\/wp\/v2\/posts"}],"about":[{"href":"https:\/\/www.digitalcarmagazine.com.tr\/Web\/wp-json\/wp\/v2\/types\/post"}],"author":[{"embeddable":true,"href":"https:\/\/www.digitalcarmagazine.com.tr\/Web\/wp-json\/wp\/v2\/users\/1"}],"replies":[{"embeddable":true,"href":"https:\/\/www.digitalcarmagazine.com.tr\/Web\/wp-json\/wp\/v2\/comments?post=17517"}],"version-history":[{"count":1,"href":"https:\/\/www.digitalcarmagazine.com.tr\/Web\/wp-json\/wp\/v2\/posts\/17517\/revisions"}],"predecessor-version":[{"id":17520,"href":"https:\/\/www.digitalcarmagazine.com.tr\/Web\/wp-json\/wp\/v2\/posts\/17517\/revisions\/17520"}],"wp:featuredmedia":[{"embeddable":true,"href":"https:\/\/www.digitalcarmagazine.com.tr\/Web\/wp-json\/wp\/v2\/media\/17519"}],"wp:attachment":[{"href":"https:\/\/www.digitalcarmagazine.com.tr\/Web\/wp-json\/wp\/v2\/media?parent=17517"}],"wp:term":[{"taxonomy":"category","embeddable":true,"href":"https:\/\/www.digitalcarmagazine.com.tr\/Web\/wp-json\/wp\/v2\/categories?post=17517"},{"taxonomy":"post_tag","embeddable":true,"href":"https:\/\/www.digitalcarmagazine.com.tr\/Web\/wp-json\/wp\/v2\/tags?post=17517"}],"curies":[{"name":"wp","href":"https:\/\/api.w.org\/{rel}","templated":true}]}}