{"id":17500,"date":"2017-10-27T23:07:29","date_gmt":"2017-10-27T20:07:29","guid":{"rendered":"http:\/\/www.digitalcarmagazine.com.tr\/Web\/?p=17500"},"modified":"2017-10-27T23:07:29","modified_gmt":"2017-10-27T20:07:29","slug":"nissandan-tokyo-otomobil-fuarinda-govde-gosterisi","status":"publish","type":"post","link":"https:\/\/www.digitalcarmagazine.com.tr\/Web\/nissandan-tokyo-otomobil-fuarinda-govde-gosterisi\/","title":{"rendered":"Nissan\u2019dan Tokyo Otomobil Fuar\u0131&#8217;nda g\u00f6vde g\u00f6sterisi"},"content":{"rendered":"<p>Tokyo Otomobil Fuar\u0131\u2019nda ilk elektrikli crossover konsept modeli IMx ve LEAF NISMO\u2019yu sergileyen Nissan, 2018-2019 sezonundan itibaren Formula E yar\u0131\u015f serisine kat\u0131laca\u011f\u0131n\u0131 da a\u00e7\u0131klayarak elektrikli ara\u00e7 devrimindeki liderli\u011fini peki\u015ftirdi.<\/p>\n<p><img loading=\"lazy\" class=\"alignnone size-large wp-image-17514\" src=\"https:\/\/www.digitalcarmagazine.com.tr\/Web\/wp-content\/uploads\/1509002723_Nissan_IMx__7_-1024x576.jpg\" alt=\"\" width=\"840\" height=\"473\" srcset=\"https:\/\/www.digitalcarmagazine.com.tr\/Web\/wp-content\/uploads\/1509002723_Nissan_IMx__7_-1024x576.jpg 1024w, https:\/\/www.digitalcarmagazine.com.tr\/Web\/wp-content\/uploads\/1509002723_Nissan_IMx__7_-300x169.jpg 300w, https:\/\/www.digitalcarmagazine.com.tr\/Web\/wp-content\/uploads\/1509002723_Nissan_IMx__7_-768x432.jpg 768w, https:\/\/www.digitalcarmagazine.com.tr\/Web\/wp-content\/uploads\/1509002723_Nissan_IMx__7_-1920x1080.jpg 1920w, https:\/\/www.digitalcarmagazine.com.tr\/Web\/wp-content\/uploads\/1509002723_Nissan_IMx__7_-600x337.jpg 600w\" sizes=\"(max-width: 840px) 100vw, 840px\" \/><\/p>\n<p>Eyl\u00fcl ay\u0131nda yeni Nissan Leaf modelini t\u00fcm d\u00fcnyada lanse eden ve k\u0131sa bir s\u00fcre \u00f6nce Nissan Futures 3.0 ile yeni &#8216;elektrik ekosistemini&#8217; ba\u015flatan Japon otomobil \u00fcreticisi fuarda iki adet yeni, tamamen elektrikli konsept ara\u00e7 lanse etti. Konsept ara\u00e7lar \u015firketin elektrikli otomobil alan\u0131ndaki sekt\u00f6r liderli\u011fini peki\u015ftirirken ayn\u0131 zamanda markan\u0131n heyecan uyand\u0131ran inovasyonlar geli\u015ftirme vaadini de yerine getiriyor.<\/p>\n<p><img loading=\"lazy\" class=\"alignnone size-large wp-image-17508\" src=\"https:\/\/www.digitalcarmagazine.com.tr\/Web\/wp-content\/uploads\/1509002726_Nissan_IMx__8_-1024x576.jpg\" alt=\"\" width=\"840\" height=\"473\" srcset=\"https:\/\/www.digitalcarmagazine.com.tr\/Web\/wp-content\/uploads\/1509002726_Nissan_IMx__8_-1024x576.jpg 1024w, https:\/\/www.digitalcarmagazine.com.tr\/Web\/wp-content\/uploads\/1509002726_Nissan_IMx__8_-300x169.jpg 300w, https:\/\/www.digitalcarmagazine.com.tr\/Web\/wp-content\/uploads\/1509002726_Nissan_IMx__8_-768x432.jpg 768w, https:\/\/www.digitalcarmagazine.com.tr\/Web\/wp-content\/uploads\/1509002726_Nissan_IMx__8_-1920x1080.jpg 1920w, https:\/\/www.digitalcarmagazine.com.tr\/Web\/wp-content\/uploads\/1509002726_Nissan_IMx__8_-600x337.jpg 600w\" sizes=\"(max-width: 840px) 100vw, 840px\" \/><\/p>\n<p>Tamamen elektrikli yeni crossover Nissan IMx ve yeni Nissan LEAF NISMO, Nissan Intelligent Mobility vizyonuyla hareket eden \u015firketin en g\u00fcncel inovasyonlar\u0131n\u0131 g\u00f6zler \u00f6n\u00fcne seriyor. Elektrikli mobiliteyi heyecan verici hale getirme konusundaki taahh\u00fcd\u00fcn\u00fcn alt\u0131n\u0131 \u00e7izen Nissan, 2018-2019 sezonunda Formula E yar\u0131\u015flar\u0131na kat\u0131laca\u011f\u0131n\u0131 da Tokyo Otomobil Fuar\u0131\u2019nda duyurdu.<\/p>\n<p><img loading=\"lazy\" class=\"alignnone size-large wp-image-17513\" src=\"https:\/\/www.digitalcarmagazine.com.tr\/Web\/wp-content\/uploads\/1509002722_Nissan_IMx__2_-1024x576.jpg\" alt=\"\" width=\"840\" height=\"473\" srcset=\"https:\/\/www.digitalcarmagazine.com.tr\/Web\/wp-content\/uploads\/1509002722_Nissan_IMx__2_-1024x576.jpg 1024w, https:\/\/www.digitalcarmagazine.com.tr\/Web\/wp-content\/uploads\/1509002722_Nissan_IMx__2_-300x169.jpg 300w, https:\/\/www.digitalcarmagazine.com.tr\/Web\/wp-content\/uploads\/1509002722_Nissan_IMx__2_-768x432.jpg 768w, https:\/\/www.digitalcarmagazine.com.tr\/Web\/wp-content\/uploads\/1509002722_Nissan_IMx__2_-1920x1080.jpg 1920w, https:\/\/www.digitalcarmagazine.com.tr\/Web\/wp-content\/uploads\/1509002722_Nissan_IMx__2_-600x337.jpg 600w\" sizes=\"(max-width: 840px) 100vw, 840px\" \/><\/p>\n<p><strong>S\u0131f\u0131r emisyonlu crossover konsepti Nissan IMx m\u00fckemmel sosyal entegrasyonla \u00fcst\u00fcn s\u00fcr\u00fc\u015f zevki sunuyor<\/strong><\/p>\n<p>Heyecan uyand\u0131ran tasar\u0131m\u0131yla dikkat \u00e7eken, tamamen elektrikli, 4 koltuklu crossover konsepti Nissan IMx, otonom s\u00fcr\u00fc\u015f \u00f6zelli\u011fi ve 600 kilometre&#8217;nin \u00fczerinde menzil sunuyor. Nissan\u2019\u0131n yeni elektrikli ara\u00e7 platformu \u00fczerine y\u00fckselen konseptte 320 kWh kapasiteli ve 700 Nm torka sahip iki adet elektromotor kullan\u0131ma sunuluyor. Tamamen d\u00fcz bir zemine olanak tan\u0131yan platform bir yandan ya\u015fam alan\u0131n\u0131n daha kullan\u0131\u015fl\u0131 olmas\u0131n\u0131 sa\u011flarken, ayn\u0131 zamanda s\u00fcr\u00fc\u015f dinamiklerine katk\u0131 sa\u011fl\u0131yor. Platformun getirisi olan d\u00fc\u015f\u00fck a\u011f\u0131rl\u0131k merkezi, crossover segmentine yeni s\u00fcr\u00fc\u015f dinamikleri kazand\u0131r\u0131yor.<\/p>\n<p><img loading=\"lazy\" class=\"alignnone size-large wp-image-17509\" src=\"https:\/\/www.digitalcarmagazine.com.tr\/Web\/wp-content\/uploads\/1509002726_Nissan_IMx__9_-1024x576.jpg\" alt=\"\" width=\"840\" height=\"473\" srcset=\"https:\/\/www.digitalcarmagazine.com.tr\/Web\/wp-content\/uploads\/1509002726_Nissan_IMx__9_-1024x576.jpg 1024w, https:\/\/www.digitalcarmagazine.com.tr\/Web\/wp-content\/uploads\/1509002726_Nissan_IMx__9_-300x169.jpg 300w, https:\/\/www.digitalcarmagazine.com.tr\/Web\/wp-content\/uploads\/1509002726_Nissan_IMx__9_-768x432.jpg 768w, https:\/\/www.digitalcarmagazine.com.tr\/Web\/wp-content\/uploads\/1509002726_Nissan_IMx__9_-1920x1080.jpg 1920w, https:\/\/www.digitalcarmagazine.com.tr\/Web\/wp-content\/uploads\/1509002726_Nissan_IMx__9_-600x337.jpg 600w\" sizes=\"(max-width: 840px) 100vw, 840px\" \/><\/p>\n<p>\u0130nsan m\u00fcdahalesi olmaks\u0131z\u0131n tamamen \u00f6zerk s\u00fcr\u00fc\u015f olana\u011f\u0131 sunan yeni Nissan LEAF\u2019in ProPILOT teknolojisini bir ad\u0131m daha ileri g\u00f6t\u00fcren IMx, en yeni otonom s\u00fcr\u00fc\u015f teknolojilerini b\u00fcnyesinde bar\u0131nd\u0131r\u0131yor. ProPILOT s\u00fcr\u00fc\u015f (PD mode) ile sistem, direksiyon simidini ara\u00e7 g\u00f6vdesinin i\u00e7inde tutarak, \u00f6n ve arka koltuklar\u0131 otomatik olarak daha rahat bir konuma getiriyor. B\u00f6ylece yolcular\u0131n rahatlamalar\u0131 ve keyifli bir yolculuk ge\u00e7irmeleri sa\u011flan\u0131yor.<\/p>\n<p><img loading=\"lazy\" class=\"alignnone size-large wp-image-17506\" src=\"https:\/\/www.digitalcarmagazine.com.tr\/Web\/wp-content\/uploads\/1509002728_Nissan_IMx_Lansmani_1-1024x512.jpg\" alt=\"\" width=\"840\" height=\"420\" srcset=\"https:\/\/www.digitalcarmagazine.com.tr\/Web\/wp-content\/uploads\/1509002728_Nissan_IMx_Lansmani_1-1024x512.jpg 1024w, https:\/\/www.digitalcarmagazine.com.tr\/Web\/wp-content\/uploads\/1509002728_Nissan_IMx_Lansmani_1-300x150.jpg 300w, https:\/\/www.digitalcarmagazine.com.tr\/Web\/wp-content\/uploads\/1509002728_Nissan_IMx_Lansmani_1-768x384.jpg 768w, https:\/\/www.digitalcarmagazine.com.tr\/Web\/wp-content\/uploads\/1509002728_Nissan_IMx_Lansmani_1-1920x960.jpg 1920w, https:\/\/www.digitalcarmagazine.com.tr\/Web\/wp-content\/uploads\/1509002728_Nissan_IMx_Lansmani_1-600x300.jpg 600w\" sizes=\"(max-width: 840px) 100vw, 840px\" \/><\/p>\n<p>\u00d6te yandan Nissan IMx, otomobil ile s\u00fcr\u00fcc\u00fc aras\u0131nda daha g\u00fcvenli, daha kullan\u0131\u015fl\u0131 ve e\u011flenceli bir s\u00fcr\u00fc\u015f deneyimi sa\u011flayacak \u015fekilde tasarland\u0131. G\u00f6sterge tablosunun \u00fczerindeki panoramik kavisli ekran ve LCD panel, yolcular\u0131n d\u0131\u015far\u0131daki manzaran\u0131n keyfini \u00e7\u0131karmas\u0131na, video izlemesine veya biriyle uzaktan g\u00f6r\u00fcnt\u00fcl\u00fc sohbet etmesine olanak tan\u0131yan \u00f6zel bir e\u011flence merkezi haline geldi.<\/p>\n<p>G\u00f6stergeleri ve bilgi-e\u011flence sistemi jestler ve g\u00f6z hareketleri ile kontrol edilebilen IMx sezgisel kontrole imk\u00e2n tan\u0131yarak s\u00fcr\u00fcc\u00fclerin s\u00fcr\u00fc\u015fe odaklanmalar\u0131na ve \u00e7e\u015fitli bilgilere ak\u0131ll\u0131, kolay ve g\u00fcvenli bir \u015fekilde eri\u015fmelerine olanak tan\u0131yor.<\/p>\n<p>Manuel s\u00fcr\u00fc\u015f (MD modu) se\u00e7ildi\u011finde, direksiyon simidi ve koltuklar\u0131 orijinal pozisyonlar\u0131na geri d\u00f6nerek s\u00fcr\u00fcc\u00fcye otomobilin kontrol\u00fcn\u00fc b\u0131rak\u0131yor. T\u00fcm bu \u00f6zellikleriyle IMx, hem s\u00fcr\u00fcc\u00fcye hem de yolculara keyifli seyahat imkan\u0131 tan\u0131yor.<\/p>\n<p>\u0130novasyon; ister kablosuz, isterse de kablolu olsun ara\u00e7la elektrik \u015febekesi aras\u0131nda ba\u011flant\u0131 kurmaya sa\u011flayan ve gerekti\u011finde g\u00fc\u00e7 kayna\u011f\u0131 olarak elektrik \u015febekesine enerji aktarmaya da imk\u00e2n tan\u0131yan y\u00fcksek kapasiteli batarya ile devam ediyor.<\/p>\n<p>Yapm\u0131\u015f oldu\u011fu de\u011ferlendirmede s\u0131f\u0131r emisyonlu crossover konsepti Nissan IMx\u2019in Nissan Intelligent Mobility&#8217;nin gelece\u011fini g\u00f6zler \u00f6n\u00fcne serdi\u011fini ifade eden Elektrikli Ara\u00e7 Pazarlama ve Sat\u0131\u015flar\u0131ndan Sorumlu Genel M\u00fcd\u00fcr Yard\u0131mc\u0131s\u0131 ve Nissan&#8217;\u0131n Japonya, Asya ve Okyanusya Y\u00f6netim Kurulu Ba\u015fkan\u0131 Daniele Schillaci: \u201c<i>Nissan, Intelligent Mobility ile insan ve ara\u00e7 aras\u0131ndaki ileti\u015fim bi\u00e7imini de\u011fi\u015ftirirken ayn\u0131 zamanda yak\u0131n gelecekte ve sonras\u0131nda otomobillerin toplumla nas\u0131l etkile\u015fime ge\u00e7ece\u011fine dair y\u00f6n veriyor<\/i>\u201d dedi.<\/p>\n<p><strong>LEAF NISMO Concept: Nissan&#8217;\u0131n elektrikli ara\u00e7 amiral gemisi, NISMO&#8217;nun heyecan verici s\u00fcr\u00fc\u015f \u00f6zellikleriyle bulu\u015fuyor<\/strong><\/p>\n<p>Nissan Intelligent Power&#8217;\u0131n \u00f6zelliklerini b\u00fcnyesinde bar\u0131nd\u0131ran LEAF NISMO Concept, temiz ve verimli elektrik teknolojisiyle NISMO&#8217;nun heyecan verici s\u00fcr\u00fc\u015f dinamiklerini ayn\u0131 potada eritiyor. Yeni LEAF\u2019in NISMO Concept versiyonu daha sportif bir d\u0131\u015f tasar\u0131ma sahip. NISMO yar\u0131\u015f teknolojisinin uyguland\u0131\u011f\u0131 LEAF, d\u00fc\u015f\u00fck r\u00fczg\u00e2r s\u00fcrt\u00fcnme katsay\u0131s\u0131ndan \u00f6d\u00fcn vermeden \u00fcst\u00fcn aerodinamik performans ve d\u00fc\u015f\u00fck r\u00fczg\u00e2r kald\u0131rma kuvvetini beraberinde getiriyor. Siyah i\u00e7 mek\u00e2n, NISMO imzas\u0131 niteli\u011finde olan k\u0131rm\u0131z\u0131 vurgular\u0131yla heyecan verici, y\u00fcksek performansl\u0131 bir his yarat\u0131yor.<\/p>\n<p><strong>Nissan, 2018\/19 sezonunda elektrikli FIA Formula E yar\u0131\u015flar\u0131nda m\u00fccadele edecek ilk Japon otomobil markas\u0131 olacak<\/strong><\/p>\n<p>Her ge\u00e7en g\u00fcn daha da yayg\u0131nla\u015fan Formula E yar\u0131\u015flar\u0131 Nissan\u2019a, Nissan Intelligent Mobility mesajlar\u0131n\u0131 daha geni\u015f kitlelere ula\u015ft\u0131rabilece\u011fi son derece etkin k\u00fcresel bir platform sunuyor.<\/p>\n<p>Daniele Schillaci; \u201c<i>\u00d6z\u00fcnde ani h\u0131zlanma ve atak s\u00fcr\u00fc\u015f \u00f6zellikleri olan Nissan\u2019\u0131n s\u0131f\u0131r emisyon s\u00fcr\u00fc\u015f yakla\u015f\u0131m\u0131 Formula E \u015fampiyonas\u0131na renk katacak<\/i>\u201d a\u00e7\u0131klamas\u0131nda bulunurken Formula E Kurucusu ve CEO&#8217;su Alejandro Agag ise yapt\u0131\u011f\u0131 de\u011ferlendirmede: \u201c<i>Nissan gibi bir markay\u0131 aram\u0131zda g\u00f6rmekten dolay\u0131 son derece memnunuz. Formula E\u2019ye yeni kat\u0131lan bir marka olmakla kalmayan Nissan, ayn\u0131 zamanda organizasyonumuzdaki ilk Japon \u00fcretici olarak elektrik devriminin k\u00fcresel boyutunu da g\u00f6zler \u00f6n\u00fcne seriyor. Formula E\u2019yi yak\u0131ndan takip eden Japonya, ayn\u0131 zamanda yeni teknolojileriyle \u00f6n plana \u00e7\u0131kan bir \u00fclke. S\u00fcrd\u00fcr\u00fclebilir mobilite kavram\u0131 harekete ge\u00e7ti bir kere ve durdurulamaz. Be\u015finci sezonda Nissan logosuna sahip yeni ara\u00e7lar\u0131 organizasyonumuzda g\u00f6rmek i\u00e7in sab\u0131rs\u0131zlan\u0131yorum<\/i>\u201d dedi.<\/p>\n<p>Nissan, tamamen elektrikli ara\u00e7 \u015fampiyonas\u0131n\u0131n yeni \u015fasi ve pil y\u00f6netmeliklerinin a\u00e7\u0131klanmas\u0131yla birlikte 2018 y\u0131l\u0131n\u0131n sonlar\u0131ndan itibaren \u015fampiyonaya dahil olacak.<\/p>\n<p><strong>Nissan Intelligent Mobility&#8217;nin sesi, elektrikli Nissan ara\u00e7lar\u0131n\u0131n heyecan\u0131n\u0131 artt\u0131r\u0131yor<\/strong><\/p>\n<p>Nissan, 2017 Tokyo Otomobil Fuar\u0131nda sadece yeni konsept ara\u00e7lar\u0131n\u0131 de\u011fil, ayn\u0131 zamanda Nissan&#8217;\u0131n elektrikli ara\u00e7lar\u0131n\u0131n gelecekteki sesi olan \u2018Canto\u2019yu da lanse etti.<\/p>\n<p>Daniele Schillaci: \u201c<i>Otomobilin topluma nas\u0131l entegre edilece\u011fi Nissan Intelligent Mobility kavram\u0131n\u0131n en \u00f6nemli unsurunu olu\u015fturuyor ve ses en \u00f6nemli bile\u015fen olarak \u00f6ne \u00e7\u0131k\u0131yor<\/i>\u201d dedi ve ekledi:\u00a0<i>\u201cCanto, yaya g\u00fcvenli\u011fine yard\u0131mc\u0131 olmak ve ayn\u0131 zamanda, markam\u0131z\u0131n elektrikli ara\u00e7 pazar\u0131ndaki konumunu g\u00fc\u00e7lendirecek bir ses sunmak i\u00e7in geli\u015ftirildi.<\/i>\u201d<\/p>\n<p>Ses, arac\u0131n h\u0131zlanma, yava\u015flama veya \u015farj durumuna ba\u011fl\u0131 olarak de\u011fi\u015fiklik g\u00f6steriyor ve pazar\u0131n gereksinimlerine uygun olarak 20 ile 30 km\/s\u2019ye kadar olan h\u0131zlarda etkinle\u015fiyor. Nissan \u2018Canto\u2019yu \u00f6ncelikli olarak bir uyar\u0131 sesi \u00fcretmek, ayn\u0131 zamanda kent sokaklar\u0131n\u0131n i\u015fitsel ortam\u0131n\u0131 Nissan\u2019a \u00f6zg\u00fc bir sesle zenginle\u015ftirmek \u00fczere tasarlad\u0131. Ses yo\u011funlu\u011fu; yayalar\u0131, \u00e7evre sakinlerini ve yolcular\u0131 rahats\u0131z etmeden a\u00e7\u0131k\u00e7a duyulacak \u015fekilde ayarland\u0131.<\/p>\n<p>Nissan, 2010 y\u0131l\u0131ndan bu yana\u00a0<a href=\"https:\/\/newsroom.nissan-global.com\/releases\/release-e05a39dbdb8f56df200040c16bb8ca87\" target=\"_blank\" rel=\"noopener\" data-saferedirecturl=\"https:\/\/www.google.com\/url?hl=tr&amp;q=https:\/\/newsroom.nissan-global.com\/releases\/release-e05a39dbdb8f56df200040c16bb8ca87&amp;source=gmail&amp;ust=1509213764750000&amp;usg=AFQjCNH7Z-IDBapNe5MWkO4CXZsZY1vluw\">&#8220;Yayalar i\u00e7in yakla\u015fan ara\u00e7 sesi&#8221;<\/a>\u00a0sistemi ile ara\u00e7 sesi alan\u0131nda \u00f6nc\u00fc konumunu korurken, Nissan Intelligent Mobility otomobillerin \u00e7al\u0131\u015ft\u0131r\u0131lmas\u0131, y\u00f6nlendirilmesi ve toplumla entegrasyonuna y\u00f6nelik \u015firketin yakla\u015f\u0131m\u0131n\u0131 g\u00f6zler \u00f6n\u00fcne seriyor.<\/p>\n<p>Nissan Intelligent Mobility&#8217;nin gelece\u011fini temsil eden yeni konsept modellerini sergileyen Nissan, Tokyo Otomobil Fuar\u0131\u2019nda toplamda 13 arac\u0131n tan\u0131t\u0131m\u0131n\u0131 yapacak.<\/p>\n","protected":false},"excerpt":{"rendered":"<p>Tokyo Otomobil Fuar\u0131\u2019nda ilk elektrikli crossover konsept modeli IMx ve LEAF NISMO\u2019yu sergileyen Nissan, 2018-2019 sezonundan itibaren Formula E yar\u0131\u015f serisine kat\u0131laca\u011f\u0131n\u0131 da a\u00e7\u0131klayarak elektrikli ara\u00e7 devrimindeki liderli\u011fini peki\u015ftirdi. Eyl\u00fcl ay\u0131nda yeni Nissan Leaf modelini t\u00fcm d\u00fcnyada lanse eden ve k\u0131sa bir s\u00fcre \u00f6nce Nissan Futures 3.0 ile yeni &#8216;elektrik ekosistemini&#8217; ba\u015flatan Japon otomobil \u00fcreticisi [&hellip;]<\/p>\n","protected":false},"author":1,"featured_media":17501,"comment_status":"open","ping_status":"open","sticky":false,"template":"","format":"standard","meta":[],"categories":[1,7966],"tags":[11706,11707,11697,11700,11701,11699,11698,11705,11702,11696,11708,11709,11703,11704],"_links":{"self":[{"href":"https:\/\/www.digitalcarmagazine.com.tr\/Web\/wp-json\/wp\/v2\/posts\/17500"}],"collection":[{"href":"https:\/\/www.digitalcarmagazine.com.tr\/Web\/wp-json\/wp\/v2\/posts"}],"about":[{"href":"https:\/\/www.digitalcarmagazine.com.tr\/Web\/wp-json\/wp\/v2\/types\/post"}],"author":[{"embeddable":true,"href":"https:\/\/www.digitalcarmagazine.com.tr\/Web\/wp-json\/wp\/v2\/users\/1"}],"replies":[{"embeddable":true,"href":"https:\/\/www.digitalcarmagazine.com.tr\/Web\/wp-json\/wp\/v2\/comments?post=17500"}],"version-history":[{"count":1,"href":"https:\/\/www.digitalcarmagazine.com.tr\/Web\/wp-json\/wp\/v2\/posts\/17500\/revisions"}],"predecessor-version":[{"id":17516,"href":"https:\/\/www.digitalcarmagazine.com.tr\/Web\/wp-json\/wp\/v2\/posts\/17500\/revisions\/17516"}],"wp:featuredmedia":[{"embeddable":true,"href":"https:\/\/www.digitalcarmagazine.com.tr\/Web\/wp-json\/wp\/v2\/media\/17501"}],"wp:attachment":[{"href":"https:\/\/www.digitalcarmagazine.com.tr\/Web\/wp-json\/wp\/v2\/media?parent=17500"}],"wp:term":[{"taxonomy":"category","embeddable":true,"href":"https:\/\/www.digitalcarmagazine.com.tr\/Web\/wp-json\/wp\/v2\/categories?post=17500"},{"taxonomy":"post_tag","embeddable":true,"href":"https:\/\/www.digitalcarmagazine.com.tr\/Web\/wp-json\/wp\/v2\/tags?post=17500"}],"curies":[{"name":"wp","href":"https:\/\/api.w.org\/{rel}","templated":true}]}}