{"id":17364,"date":"2017-10-16T13:52:06","date_gmt":"2017-10-16T10:52:06","guid":{"rendered":"http:\/\/www.digitalcarmagazine.com.tr\/Web\/?p=17364"},"modified":"2017-10-16T13:52:06","modified_gmt":"2017-10-16T10:52:06","slug":"ford-trucksdan-hirvatistan-atagi","status":"publish","type":"post","link":"https:\/\/www.digitalcarmagazine.com.tr\/Web\/ford-trucksdan-hirvatistan-atagi\/","title":{"rendered":"Ford Trucks&#8217;dan H\u0131rvatistan ata\u011f\u0131"},"content":{"rendered":"<p>T\u00fcrkiye&#8217;deki pazar pay\u0131n\u0131 son y\u0131llarda iddial\u0131 bir \u015fekilde art\u0131rarak g\u00fcc\u00fcne g\u00fc\u00e7 katan Ford Trucks, Ortado\u011fu, Afrika, Rusya ve T\u00fcrki Cumhuriyetler&#8217;deki yap\u0131lanmas\u0131yla birlikte Avrupa \u00fclkelerinde yapt\u0131\u011f\u0131 a\u00e7\u0131l\u0131\u015flarla uluslararas\u0131 b\u00fcy\u00fcmesini h\u0131zland\u0131rmaya devam ediyor. K\u0131sa s\u00fcre \u00f6nce Romanya&#8217;daki Cefin Trucks, Bulgaristan&#8217;daki Bulavto Holding ve Macaristan&#8217;daki Delta Trucks ile yeni i\u015f birlikleri ve tesis a\u00e7\u0131l\u0131\u015flar\u0131na imza atan \u015firket, son olarak H\u0131rvatistan&#8217;\u0131n \u00f6nde gelen distib\u00fct\u00f6rlerinden KAM I BUS i\u015f birli\u011fiyle yeni bir tesis a\u00e7\u0131l\u0131\u015f\u0131 daha ger\u00e7ekle\u015ftirdi. Ford Trucks m\u00fc\u015fterilerine sat\u0131\u015f, servis, yedek par\u00e7a ve ikinci el olmak \u00fczere t\u00fcm hizmetleri ayn\u0131 \u00e7at\u0131 alt\u0131nda verecek olan 4S Zagreb tesisi, Ford Trucks&#8217;\u0131n Avrupa pazar\u0131ndaki operasyonlar\u0131na \u00f6nemli bir katk\u0131 sa\u011flayacak.<\/p>\n<p><img loading=\"lazy\" class=\"alignnone size-large wp-image-17365\" src=\"https:\/\/www.digitalcarmagazine.com.tr\/Web\/wp-content\/uploads\/1507538611_Ford_Trucks_H__rvatistan_1-1024x684.jpg\" alt=\"\" width=\"840\" height=\"561\" srcset=\"https:\/\/www.digitalcarmagazine.com.tr\/Web\/wp-content\/uploads\/1507538611_Ford_Trucks_H__rvatistan_1-1024x684.jpg 1024w, https:\/\/www.digitalcarmagazine.com.tr\/Web\/wp-content\/uploads\/1507538611_Ford_Trucks_H__rvatistan_1-300x200.jpg 300w, https:\/\/www.digitalcarmagazine.com.tr\/Web\/wp-content\/uploads\/1507538611_Ford_Trucks_H__rvatistan_1-768x513.jpg 768w, https:\/\/www.digitalcarmagazine.com.tr\/Web\/wp-content\/uploads\/1507538611_Ford_Trucks_H__rvatistan_1-1920x1282.jpg 1920w, https:\/\/www.digitalcarmagazine.com.tr\/Web\/wp-content\/uploads\/1507538611_Ford_Trucks_H__rvatistan_1-600x401.jpg 600w\" sizes=\"(max-width: 840px) 100vw, 840px\" \/><\/p>\n<p><strong>Yenig\u00fcn: &#8220;\u0130hracat\u0131m\u0131z\u0131n y\u00fczde 50&#8217;sini Avrupa pazarlar\u0131na y\u00f6nelik ger\u00e7ekle\u015ftirmeyi hedefliyoruz&#8221;<\/strong><\/p>\n<p>Ford Trucks&#8217;\u0131n uluslararas\u0131 bayi a\u011f\u0131n\u0131n ve operasyonlar\u0131n\u0131n b\u00fcy\u00fcmeye devam edece\u011fini vurgulayan Ford Otosan Genel M\u00fcd\u00fcr\u00fc Haydar Yenig\u00fcn, \u015funlar\u0131 s\u00f6yledi: &#8220;Orta Do\u011fu, Kuzey ve Sahra Alt\u0131 Afrika, Rusya ve T\u00fcrki Cumhuriyetlerde devam eden b\u00fcy\u00fcmemizi bir s\u00fcre \u00f6nce Avrupa&#8217;ya ta\u015f\u0131d\u0131k. Romanya, Bulgaristan ve Macaristan&#8217;da yapt\u0131\u011f\u0131m\u0131z g\u00fc\u00e7l\u00fc ortakl\u0131klar\u0131n ard\u0131ndan H\u0131rvatistan&#8217;da a\u00e7t\u0131\u011f\u0131m\u0131z 4S tesisimiz ile Avrupa&#8217;daki ad\u0131mlar\u0131m\u0131z\u0131 h\u0131zland\u0131r\u0131yoruz. H\u0131rvatistan Zagreb Bayimizle birlikte \u00fclke genelinde a\u00e7\u0131lacak yeni tesislerimiz, Avrupa b\u00f6lgesindeki yap\u0131lanmam\u0131z i\u00e7in \u00f6nemli bir kilometre ta\u015f\u0131 olacak. H\u0131rvatistan, sahip oldu\u011fu stratejik konumu ile Avrupa b\u00f6lgesinde \u00e7ok \u00f6nemli bir ticaret ve lojistik \u00fcss\u00fc.\u00a0<a name=\"m_1529472770334906789__Hlk494453163\"><\/a>Zagreb&#8217;de hizmete giren yeni 4S tesisimizin bu b\u00f6lgedeki operasyonlar\u0131m\u0131za \u00f6nemli bir katk\u0131s\u0131 olacak.&#8221;<\/p>\n<p>Ford Trucks&#8217;\u0131n uluslararas\u0131 b\u00fcy\u00fcme planlar\u0131 \u00e7er\u00e7evesinde Avrupa pazar\u0131n\u0131n \u00f6nemli bir yere sahip oldu\u011funu vurgulayan Yenig\u00fcn, &#8220;Avrupa pazar\u0131nda yap\u0131lanmas\u0131na ba\u015flad\u0131\u011f\u0131m\u0131z sa\u011flam sat\u0131\u015f ve sat\u0131\u015f sonras\u0131 operasyonlar\u0131m\u0131zla pazar pay\u0131m\u0131z\u0131 art\u0131r\u0131p, m\u00fc\u015fteri memnuniyetimizi \u00e7ok daha ileri seviyelere ta\u015f\u0131yaca\u011f\u0131z. Hedefimiz, \u00fcretti\u011fimiz her 3 ara\u00e7tan birini ihra\u00e7 etmek ve ihracat\u0131m\u0131z\u0131n y\u00fczde 50&#8217;sini Avrupa pazarlar\u0131na y\u00f6nelik ger\u00e7ekle\u015ftirmek. Bununla birlikte, Ford Trucks&#8217;\u0131n 2020 itibar\u0131yla toplam 50 \u00fclkede bayi yap\u0131lanmas\u0131n\u0131 tamamlamas\u0131n\u0131 planl\u0131yoruz. Yeni bayi a\u00e7\u0131l\u0131\u015flar\u0131 ve ortakl\u0131klar\u0131m\u0131zla da bu hedefimize kararl\u0131l\u0131kla ilerliyoruz&#8221; diye konu\u015ftu.<\/p>\n<p><strong>T\u00fcrkiye&#8217;den d\u00fcnyaya teknoloji ve m\u00fchendislik ihra\u00e7 ediyor<\/strong><\/p>\n<p>55 y\u0131l\u0131 a\u015fk\u0131n kamyon \u00fcretim tecr\u00fcbesini, farkl\u0131 ihracat pazarlar\u0131na \u00f6zel \u00fcr\u00fcn geli\u015ftirme yetene\u011fi ile birle\u015ftiren Ford Trucks, Orta Do\u011fu, Kuzey ve Sahra Alt\u0131 Afrika, Rusya, T\u00fcrki Cumhuriyetler ve son olarak Do\u011fu Avrupa&#8217;daki i\u015f birlikleri ile 34 \u00fclkede faaliyet g\u00f6steriyor. Ford&#8217;un a\u011f\u0131r ticari ara\u00e7lar ve ilgili dizel motor ve motor sistemleri i\u00e7in k\u00fcresel m\u00fchendislik merkezi olan Ford Otosan, sadece T\u00fcrkiye&#8217;de de\u011fil, Avrupa ve Kuzey Amerika dahil t\u00fcm potansiyel ihracat pazarlar\u0131nda rekabet edecek \u00fcr\u00fcnler sunabilmek i\u00e7in ileri teknolojiler \u00fczerinde \u00e7al\u0131\u015f\u0131yor.<\/p>\n","protected":false},"excerpt":{"rendered":"<p>T\u00fcrkiye&#8217;deki pazar pay\u0131n\u0131 son y\u0131llarda iddial\u0131 bir \u015fekilde art\u0131rarak g\u00fcc\u00fcne g\u00fc\u00e7 katan Ford Trucks, Ortado\u011fu, Afrika, Rusya ve T\u00fcrki Cumhuriyetler&#8217;deki yap\u0131lanmas\u0131yla birlikte Avrupa \u00fclkelerinde yapt\u0131\u011f\u0131 a\u00e7\u0131l\u0131\u015flarla uluslararas\u0131 b\u00fcy\u00fcmesini h\u0131zland\u0131rmaya devam ediyor. K\u0131sa s\u00fcre \u00f6nce Romanya&#8217;daki Cefin Trucks, Bulgaristan&#8217;daki Bulavto Holding ve Macaristan&#8217;daki Delta Trucks ile yeni i\u015f birlikleri ve tesis a\u00e7\u0131l\u0131\u015flar\u0131na imza atan \u015firket, son [&hellip;]<\/p>\n","protected":false},"author":1,"featured_media":17365,"comment_status":"open","ping_status":"open","sticky":false,"template":"","format":"standard","meta":[],"categories":[8377,1],"tags":[11387,11388,11386,11383,11381,11384,11376,11378,11385,1399,11379,11380,11382,11375,11374,11377],"_links":{"self":[{"href":"https:\/\/www.digitalcarmagazine.com.tr\/Web\/wp-json\/wp\/v2\/posts\/17364"}],"collection":[{"href":"https:\/\/www.digitalcarmagazine.com.tr\/Web\/wp-json\/wp\/v2\/posts"}],"about":[{"href":"https:\/\/www.digitalcarmagazine.com.tr\/Web\/wp-json\/wp\/v2\/types\/post"}],"author":[{"embeddable":true,"href":"https:\/\/www.digitalcarmagazine.com.tr\/Web\/wp-json\/wp\/v2\/users\/1"}],"replies":[{"embeddable":true,"href":"https:\/\/www.digitalcarmagazine.com.tr\/Web\/wp-json\/wp\/v2\/comments?post=17364"}],"version-history":[{"count":1,"href":"https:\/\/www.digitalcarmagazine.com.tr\/Web\/wp-json\/wp\/v2\/posts\/17364\/revisions"}],"predecessor-version":[{"id":17367,"href":"https:\/\/www.digitalcarmagazine.com.tr\/Web\/wp-json\/wp\/v2\/posts\/17364\/revisions\/17367"}],"wp:featuredmedia":[{"embeddable":true,"href":"https:\/\/www.digitalcarmagazine.com.tr\/Web\/wp-json\/wp\/v2\/media\/17365"}],"wp:attachment":[{"href":"https:\/\/www.digitalcarmagazine.com.tr\/Web\/wp-json\/wp\/v2\/media?parent=17364"}],"wp:term":[{"taxonomy":"category","embeddable":true,"href":"https:\/\/www.digitalcarmagazine.com.tr\/Web\/wp-json\/wp\/v2\/categories?post=17364"},{"taxonomy":"post_tag","embeddable":true,"href":"https:\/\/www.digitalcarmagazine.com.tr\/Web\/wp-json\/wp\/v2\/tags?post=17364"}],"curies":[{"name":"wp","href":"https:\/\/api.w.org\/{rel}","templated":true}]}}