{"id":17357,"date":"2017-10-14T14:30:29","date_gmt":"2017-10-14T11:30:29","guid":{"rendered":"http:\/\/www.digitalcarmagazine.com.tr\/Web\/?p=17357"},"modified":"2017-10-16T13:45:53","modified_gmt":"2017-10-16T10:45:53","slug":"elektrikli-arabanizi-ucretsiz-sarj-edin","status":"publish","type":"post","link":"https:\/\/www.digitalcarmagazine.com.tr\/Web\/elektrikli-arabanizi-ucretsiz-sarj-edin\/","title":{"rendered":"Elektrikli araban\u0131z\u0131 \u00fccretsiz \u015farj edin"},"content":{"rendered":"<p>Yavuz Sultan Selim K\u00f6pr\u00fcs\u00fc ve Kuzey \u00c7evre Otoyolu&#8217;nu in\u015fa eden ve i\u015fleten IC \u0130\u00e7ta\u015f \u0130n\u015faat &#8211; Astaldi konsorsiyumu ICA, elektrikli ara\u00e7 kullan\u0131m\u0131 ve \u00e7evreci yakla\u015f\u0131m\u0131 desteklemek amac\u0131 ile Kuzey \u00c7evre Otoyolu \u00fczerinde yer alan dinlenme tesisleri Bi&#8217; Mola&#8217;larda \u00fccretsiz \u015farj hizmeti sunmaya ba\u015flad\u0131.<\/p>\n<p><img loading=\"lazy\" class=\"alignnone size-large wp-image-17359\" src=\"https:\/\/www.digitalcarmagazine.com.tr\/Web\/wp-content\/uploads\/1507549981_ICA_Elektrikli_Ara_____arj___nitesi-1024x642.jpg\" alt=\"\" width=\"840\" height=\"527\" srcset=\"https:\/\/www.digitalcarmagazine.com.tr\/Web\/wp-content\/uploads\/1507549981_ICA_Elektrikli_Ara_____arj___nitesi-1024x642.jpg 1024w, https:\/\/www.digitalcarmagazine.com.tr\/Web\/wp-content\/uploads\/1507549981_ICA_Elektrikli_Ara_____arj___nitesi-300x188.jpg 300w, https:\/\/www.digitalcarmagazine.com.tr\/Web\/wp-content\/uploads\/1507549981_ICA_Elektrikli_Ara_____arj___nitesi-768x482.jpg 768w, https:\/\/www.digitalcarmagazine.com.tr\/Web\/wp-content\/uploads\/1507549981_ICA_Elektrikli_Ara_____arj___nitesi-600x376.jpg 600w, https:\/\/www.digitalcarmagazine.com.tr\/Web\/wp-content\/uploads\/1507549981_ICA_Elektrikli_Ara_____arj___nitesi.jpg 1680w\" sizes=\"(max-width: 840px) 100vw, 840px\" \/><\/p>\n<p>Odayeri &#8211; Pa\u015fak\u00f6y aras\u0131ndaki otoyol ve Mahmutbey &#8211; Odayeri, \u00c7aml\u0131k &#8211; Re\u015fadiye ba\u011flant\u0131 yollar\u0131 ile Mecidiye ba\u011flant\u0131s\u0131ndan olu\u015fan Kuzey \u00c7evre Otoyolu g\u00fczerg\u00e2h\u0131nda toplam 6 adet Bi&#8217; Mola dinlenme tesisi bulunuyor. Fenertepe ve I\u015f\u0131klar tesislerinde verilen \u00fccretsiz \u015farj hizmetinin, \u00f6n\u00fcm\u00fczdeki d\u00f6nemde t\u00fcm tesislere yayg\u0131nla\u015ft\u0131r\u0131lmas\u0131 planlan\u0131yor. Yolcular\u0131n seyahatleri esnas\u0131nda dinlenebilecekleri Bi&#8217; Mola tesislerinde akaryak\u0131t istasyonlar\u0131n\u0131n yan\u0131 s\u0131ra T\u00fcrkiye&#8217;nin lider bir\u00e7ok markas\u0131 hizmet veriyor.<\/p>\n<p>Kamu ve \u00f6zel sekt\u00f6re perakende elektrik sa\u011flayan \u0130brahim \u00c7e\u00e7en Yat\u0131r\u0131m Holding kurulu\u015fu ETIC Elektrik ve sistemin i\u015fletimi ile kurulumunu \u00fcstlenen E-\u015farj ortakl\u0131\u011f\u0131yla hayata ge\u00e7irilen \u00fccretsiz \u015farj imkan\u0131ndan, t\u00fcm elektrikli ara\u00e7 sahipleri yararlanabiliyor.<\/p>\n<p>Bu hizmet ile elektrikli ara\u00e7 kullan\u0131m\u0131n\u0131n yayg\u0131nla\u015fmas\u0131na ve \u00e7evreci yeni uygulamalara destek olmak hedefleniyor.<\/p>\n","protected":false},"excerpt":{"rendered":"<p>Yavuz Sultan Selim K\u00f6pr\u00fcs\u00fc ve Kuzey \u00c7evre Otoyolu&#8217;nu in\u015fa eden ve i\u015fleten IC \u0130\u00e7ta\u015f \u0130n\u015faat &#8211; Astaldi konsorsiyumu ICA, elektrikli ara\u00e7 kullan\u0131m\u0131 ve \u00e7evreci yakla\u015f\u0131m\u0131 desteklemek amac\u0131 ile Kuzey \u00c7evre Otoyolu \u00fczerinde yer alan dinlenme tesisleri Bi&#8217; Mola&#8217;larda \u00fccretsiz \u015farj hizmeti sunmaya ba\u015flad\u0131. Odayeri &#8211; Pa\u015fak\u00f6y aras\u0131ndaki otoyol ve Mahmutbey &#8211; Odayeri, \u00c7aml\u0131k &#8211; Re\u015fadiye [&hellip;]<\/p>\n","protected":false},"author":1,"featured_media":17358,"comment_status":"open","ping_status":"open","sticky":false,"template":"","format":"standard","meta":[],"categories":[1],"tags":[11352,11356,11357,11355,11354,11350,11358,11349,11353,11351,11347,11343,11346,11344,11345,11342,11348],"_links":{"self":[{"href":"https:\/\/www.digitalcarmagazine.com.tr\/Web\/wp-json\/wp\/v2\/posts\/17357"}],"collection":[{"href":"https:\/\/www.digitalcarmagazine.com.tr\/Web\/wp-json\/wp\/v2\/posts"}],"about":[{"href":"https:\/\/www.digitalcarmagazine.com.tr\/Web\/wp-json\/wp\/v2\/types\/post"}],"author":[{"embeddable":true,"href":"https:\/\/www.digitalcarmagazine.com.tr\/Web\/wp-json\/wp\/v2\/users\/1"}],"replies":[{"embeddable":true,"href":"https:\/\/www.digitalcarmagazine.com.tr\/Web\/wp-json\/wp\/v2\/comments?post=17357"}],"version-history":[{"count":1,"href":"https:\/\/www.digitalcarmagazine.com.tr\/Web\/wp-json\/wp\/v2\/posts\/17357\/revisions"}],"predecessor-version":[{"id":17360,"href":"https:\/\/www.digitalcarmagazine.com.tr\/Web\/wp-json\/wp\/v2\/posts\/17357\/revisions\/17360"}],"wp:featuredmedia":[{"embeddable":true,"href":"https:\/\/www.digitalcarmagazine.com.tr\/Web\/wp-json\/wp\/v2\/media\/17358"}],"wp:attachment":[{"href":"https:\/\/www.digitalcarmagazine.com.tr\/Web\/wp-json\/wp\/v2\/media?parent=17357"}],"wp:term":[{"taxonomy":"category","embeddable":true,"href":"https:\/\/www.digitalcarmagazine.com.tr\/Web\/wp-json\/wp\/v2\/categories?post=17357"},{"taxonomy":"post_tag","embeddable":true,"href":"https:\/\/www.digitalcarmagazine.com.tr\/Web\/wp-json\/wp\/v2\/tags?post=17357"}],"curies":[{"name":"wp","href":"https:\/\/api.w.org\/{rel}","templated":true}]}}