{"id":16763,"date":"2017-07-31T13:11:17","date_gmt":"2017-07-31T10:11:17","guid":{"rendered":"http:\/\/www.digitalcarmagazine.com.tr\/Web\/?p=16763"},"modified":"2017-07-31T13:11:17","modified_gmt":"2017-07-31T10:11:17","slug":"yeni-audi-a8-luks-sinifin-gelecegini-belirleyecek","status":"publish","type":"post","link":"https:\/\/www.digitalcarmagazine.com.tr\/Web\/yeni-audi-a8-luks-sinifin-gelecegini-belirleyecek\/","title":{"rendered":"Yeni Audi A8 L\u00fcks S\u0131n\u0131f\u0131n Gelece\u011fini Belirleyecek"},"content":{"rendered":"<p>Yeni Audi A8 l\u00fcks s\u0131n\u0131f\u0131n gelece\u011fini belirleyecek. Audi, markan\u0131n Amiral Gemisi olarak tan\u0131mlad\u0131\u011f\u0131 A8 modelinin d\u00f6rd\u00fcnc\u00fc nesli olan Yeni A8&#8217;in, Frankfurt Otomobil Fuar\u0131 \u00f6ncesinde \u00f6n g\u00f6sterimini yapt\u0131. \u00c7\u0131\u011f\u0131r a\u00e7an dokunmatik kontrol konsepti ve yeni tasar\u0131m diliyle dikkat \u00e7eken Yeni A8, 2018 y\u0131l\u0131ndan itibaren otonom s\u00fcr\u00fc\u015f fonksiyonlar\u0131yla donat\u0131lacak. Yeni Audi A8, 2018 y\u0131l\u0131n\u0131n ilk \u00e7eyre\u011finde T\u00fcrkiye&#8217;de sat\u0131\u015fa sunulacak.<\/p>\n<h2>Yeni Audi A8 L\u00fcks S\u0131n\u0131f\u0131n Gelece\u011fini Belirleyecek<\/h2>\n<p>Audi AG&#8217;nin Barselona&#8217;da d\u00fczenledi\u011fi Audi Summit Etkinli\u011fi, gelece\u011fin l\u00fcks s\u0131n\u0131f otomobillerinin ba\u015flang\u0131c\u0131na ev sahipli\u011fi yapt\u0131: A8 modelinin yenilenmi\u015f hali ilk olarak Barselona&#8217;daki bu etkinlikte tan\u0131t\u0131ld\u0131.<\/p>\n<p>Yeni Audi A8 l\u00fcks s\u0131n\u0131f\u0131n gelece\u011fini belirleyecek. Markan\u0131n amiral gemisi niteli\u011findeki modelin d\u00f6rd\u00fcnc\u00fc nesli; yeni tasar\u0131m dili, yenilik\u00e7i dokunmatik ekranl\u0131 kontrol konsepti ve sistematik elektrikli s\u00fcr\u00fc\u015f \u00f6zelli\u011fiyle &#8220;Vorsprung durch Technik &#8211; Teknoloji ile bir ad\u0131m \u00f6nde&#8221; ilkesinde gelinen son noktay\u0131 g\u00f6steriyor. Audi A8, ayn\u0131 zamanda d\u00fcnyada ileri otomatik s\u00fcr\u00fc\u015f i\u00e7in geli\u015ftirilen ilk t\u00fcketici s\u0131n\u0131f\u0131 otomobil olma \u00f6zelli\u011fini ta\u015f\u0131yor. Audi, 2018 y\u0131l\u0131ndan itibaren \u00fcretece\u011fi otomobillerde park pilotu, otopark pilotu, s\u0131k\u0131\u015f\u0131k trafik pilotu gibi otonom s\u00fcr\u00fc\u015f fonksiyonlar\u0131 ekleyecek.<\/p>\n<h3>Sportif Tasar\u0131m<\/h3>\n<p>Yeni Audi A8 l\u00fcks s\u0131n\u0131f\u0131n gelece\u011fini belirleyecek. Yeni A8&#8217;in tasar\u0131m\u0131, sportif g\u00f6r\u00fcn\u00fcm\u00fc, hafif g\u00f6vde ve quattro s\u00fcrekli d\u00f6rt tekerlekten \u00e7eki\u015f sistemi ile Audi markas\u0131n\u0131n d\u00fcnya \u00e7ap\u0131nda \u00fcne kavu\u015fmas\u0131n\u0131 sa\u011flayan niteliklerini vurguluyor. Yeni A8, Audi lazer ayd\u0131nlatma kullanan \u00e7arp\u0131c\u0131 HD Matrix LED farlar ve arkada OLED teknolojisinden yararlanan LED \u015ferit ayd\u0131nlatmalar ile hem g\u00fcnd\u00fcz hem de gece dikkati \u00e7ekmeyi ba\u015far\u0131yor. Bu ayd\u0131nlatma alt yap\u0131s\u0131, s\u00fcr\u00fcc\u00fc otomobiline yakla\u015f\u0131rken veya otomobilden uzakla\u015f\u0131rken benzersiz \u0131\u015f\u0131k animasyonlar\u0131 yarat\u0131yor.<\/p>\n<h4><strong>\u0130\u00e7 Mekanda L\u00fcks Bir Salon Hissi<\/strong><\/h4>\n<p>Koltuk k\u0131l\u0131flar\u0131n\u0131n diki\u015flerinden elektronik olarak a\u00e7\u0131l\u0131p kapanan havaland\u0131rma kapaklar\u0131na dek her ayr\u0131nt\u0131n\u0131n \u00fcst\u00fcn bir kalite hissi yayd\u0131\u011f\u0131 otomobilde yer alan donan\u0131m ve kullan\u0131lan malzemelerin listesi olduk\u00e7a kabar\u0131k.<\/p>\n<p>Yeni A8&#8217;in en klas koltu\u011fu, sa\u011f arkada yer al\u0131yor; A8 L versiyonunda yer alan opsiyonel dinlenme koltu\u011fu d\u00f6rt farkl\u0131 ayar se\u00e7ene\u011fine ve bir ayak dayama yerine sahip. Dinlenme koltu\u011funa oturan yolcu, \u00f6n yolcu koltu\u011funun arkas\u0131na entegre edilen ve bir\u00e7ok ayara sahip olan \u00fcnite yard\u0131m\u0131yla ayaklar\u0131n\u0131 \u0131s\u0131t\u0131p ayaklar\u0131na masaj yapabiliyor. Arka koltuktaki yolcular ayr\u0131ca ortam ayd\u0131nlatmas\u0131, yeni HD Matrix okuma \u0131\u015f\u0131klar\u0131 ve masaj koltuklar\u0131 gibi bir\u00e7ok fonksiyonu kontrol edebildikleri gibi, ayr\u0131 bir i\u015fletim \u00fcnitesi \u00fczerinden telefon konu\u015fmalar\u0131n\u0131 da ger\u00e7ekle\u015ftirebiliyorlar. Arka koltukta, ortadaki kol dayana\u011f\u0131 \u00fczerinde bulunan OLED ekranl\u0131 ve bir ak\u0131ll\u0131 telefon ebatlar\u0131ndaki uzaktan kumanda, bulundu\u011fu yerden \u00e7\u0131kar\u0131larak da kullan\u0131labiliyor.<\/p>\n<h5><strong>Yolu \u00d6\u011frenebilen Navigasyon<\/strong><\/h5>\n<p>Audi, Yeni A8&#8217;de y\u00fcksek kalite standartlar\u0131n\u0131 dijital \u00e7a\u011fa yepyeni bir i\u015fletim konseptiyle ta\u015f\u0131yor. Marka yeni modelinde, bir \u00f6nceki modelde kullan\u0131lan geleneksel d\u00f6ner d\u00fc\u011fme ve dokunmatik ekran\u0131n\u0131 ge\u00e7mi\u015fte b\u0131rak\u0131yor. G\u00f6sterge panelinde kullan\u0131lan d\u00fc\u011fme say\u0131s\u0131 son derece azalt\u0131lm\u0131\u015f durumda.<\/p>\n<p>A8 ayn\u0131 zamanda kullan\u0131c\u0131 ile konu\u015fabilme \u00f6zelli\u011fine sahip. S\u00fcr\u00fcc\u00fc, otomobilin bir\u00e7ok fonksiyonunu yeni ve do\u011fal ses kontrol sistemiyle kumanda edebiliyor.<\/p>\n<p>B\u00fcy\u00fck oranda optimize edilen navigasyon sistemi art\u0131k kullan\u0131lan yollar\u0131 \u00f6\u011frenerek kendini geli\u015ftiriyor. Bu sayede s\u00fcr\u00fcc\u00fcye aramalarda ak\u0131ll\u0131 tavsiyeler sunuyor.<\/p>\n<h5><strong>Otonom S\u00fcr\u00fc\u015f \u00d6zelli\u011fi<\/strong><\/h5>\n<p>Yeni A8, \u00f6zellikle otonom s\u00fcr\u00fc\u015f i\u00e7in geli\u015ftirilen ilk t\u00fcketici s\u0131n\u0131f\u0131 otomobil olma \u00f6zelli\u011fini ta\u015f\u0131yor. A8&#8217;in yapay zeka pilotu, gidi\u015f ve geli\u015f \u015feritlerinin bariyerle ayr\u0131ld\u0131\u011f\u0131 otoyol ve ana yollarda, 60 km\/h&#8217;den d\u00fc\u015f\u00fck h\u0131zlarda otomobilin kontrol\u00fcn\u00fc ele al\u0131yor. Sistem, orta konsol \u00fczerindeki AI d\u00fc\u011fmesine bas\u0131larak devreye sokuluyor.<\/p>\n<p>Kalk\u0131\u015f, h\u0131zlanma, d\u00f6n\u00fc\u015f ve frenler, s\u0131k\u0131\u015f\u0131k trafik pilotu taraf\u0131ndan y\u00f6netiliyor. Sistem, s\u00fcr\u00fcc\u00fcn\u00fcn s\u00fcrekli otomobili kontrol etmesi ihtiyac\u0131n\u0131 ortadan kald\u0131r\u0131yor. H\u0131z, belirlenen s\u0131n\u0131rlara ula\u015ft\u0131\u011f\u0131nda bir uyar\u0131yla s\u00fcr\u00fcc\u00fcn otomobilin kontrol\u00fcn\u00fc yeniden devralmas\u0131n\u0131 sa\u011fl\u0131yor.<\/p>\n<p>Teknik a\u00e7\u0131dan bak\u0131ld\u0131\u011f\u0131nda, s\u0131k\u0131\u015f\u0131k trafik pilotu bir devrim niteli\u011fi ta\u015f\u0131yor. Pilotlu s\u00fcr\u00fc\u015f s\u0131ras\u0131nda merkezi s\u00fcr\u00fcc\u00fc asistan kontrol\u00f6r\u00fc (zFAS), sens\u00f6rlerden elde edilen verileri bir araya getirerek otomobilin \u00e7evresindeki alan\u0131 s\u00fcrekli olarak tar\u0131yor. Audi, otomobillerinde radar sens\u00f6rleri, \u00f6n kamera ve ultrason sens\u00f6rlerin yan\u0131 s\u0131ra bir lazer taray\u0131c\u0131 kullanan ilk otomobil \u00fcreticisi. Audi&#8217;nin geli\u015ftirdi\u011fi yapay zekal\u0131 (AI) s\u0131k\u0131\u015f\u0131k trafik pilotu, A8&#8217;in sat\u0131\u015fa sunuldu\u011fu \u00fclkelerin yerel mevzuatlar\u0131na ve uygulamalar\u0131na g\u00f6re \u015fekillenecek.<\/p>\n<p>Audi AI uzaktan park pilotu ve Audi AI uzaktan otopark pilotu, A8&#8217;in park yeri ve otoparklarda otomatik olarak manevra yapmas\u0131n\u0131 sa\u011flarken, s\u00fcr\u00fcc\u00fcn\u00fcn tek yapmas\u0131 gereken manevray\u0131 izlemek. Bu s\u0131rada otomobilin i\u00e7inde olmas\u0131na dahi gerek yok.<\/p>\n<h6><strong>T\u00fcrkiye&#8217;ye 3.0 TDI Motor Se\u00e7ene\u011fi Gelecek<\/strong><\/h6>\n<p>Audi&#8217;nin Neckarsulm \u00dcretim Merkezi&#8217;nde \u00fcretilen Yeni A8, b\u00fcy\u00fck \u00f6l\u00e7\u00fcde yenilenen 3.0 TDI ve 3.0 TFSI V6 turbo motorlarla Almanya ve 2018 y\u0131l\u0131n\u0131n ilk \u00e7eyre\u011fi itibariyle 3.0 TDI motor se\u00e7ene\u011fi ile T\u00fcrkiye&#8217;de sat\u0131\u015fa sunulacak.<\/p>\n<p>&nbsp;<\/p>\n<div id='gallery-1' class='gallery galleryid-16763 gallery-columns-3 gallery-size-thumbnail'><figure class='gallery-item'>\n\t\t\t<div class='gallery-icon landscape'>\n\t\t\t\t<a href='https:\/\/www.digitalcarmagazine.com.tr\/Web\/yeni-audi-a8-luks-sinifin-gelecegini-belirleyecek\/audi-a8-2\/'><img width=\"150\" height=\"150\" src=\"https:\/\/www.digitalcarmagazine.com.tr\/Web\/wp-content\/uploads\/1501249838_A178305_large-150x150.jpg\" class=\"attachment-thumbnail size-thumbnail\" alt=\"\" loading=\"lazy\" \/><\/a>\n\t\t\t<\/div><\/figure><figure class='gallery-item'>\n\t\t\t<div class='gallery-icon landscape'>\n\t\t\t\t<a href='https:\/\/www.digitalcarmagazine.com.tr\/Web\/yeni-audi-a8-luks-sinifin-gelecegini-belirleyecek\/audi-a8-l\/'><img width=\"150\" height=\"150\" src=\"https:\/\/www.digitalcarmagazine.com.tr\/Web\/wp-content\/uploads\/1501249837_A178311_large-150x150.jpg\" class=\"attachment-thumbnail size-thumbnail\" alt=\"\" loading=\"lazy\" \/><\/a>\n\t\t\t<\/div><\/figure><figure class='gallery-item'>\n\t\t\t<div class='gallery-icon landscape'>\n\t\t\t\t<a href='https:\/\/www.digitalcarmagazine.com.tr\/Web\/yeni-audi-a8-luks-sinifin-gelecegini-belirleyecek\/audi-a8-l-2\/'><img width=\"150\" height=\"150\" src=\"https:\/\/www.digitalcarmagazine.com.tr\/Web\/wp-content\/uploads\/1501249835_A178320_large-150x150.jpg\" class=\"attachment-thumbnail size-thumbnail\" alt=\"\" loading=\"lazy\" \/><\/a>\n\t\t\t<\/div><\/figure><figure class='gallery-item'>\n\t\t\t<div class='gallery-icon landscape'>\n\t\t\t\t<a href='https:\/\/www.digitalcarmagazine.com.tr\/Web\/yeni-audi-a8-luks-sinifin-gelecegini-belirleyecek\/audi-a8-l-3\/'><img width=\"150\" height=\"150\" src=\"https:\/\/www.digitalcarmagazine.com.tr\/Web\/wp-content\/uploads\/1501249837_A178321_large-150x150.jpg\" class=\"attachment-thumbnail size-thumbnail\" alt=\"\" loading=\"lazy\" \/><\/a>\n\t\t\t<\/div><\/figure><figure class='gallery-item'>\n\t\t\t<div class='gallery-icon landscape'>\n\t\t\t\t<a href='https:\/\/www.digitalcarmagazine.com.tr\/Web\/yeni-audi-a8-luks-sinifin-gelecegini-belirleyecek\/audi-a8-l-4\/'><img width=\"150\" height=\"150\" src=\"https:\/\/www.digitalcarmagazine.com.tr\/Web\/wp-content\/uploads\/1501249836_A178308_large-150x150.jpg\" class=\"attachment-thumbnail size-thumbnail\" alt=\"\" loading=\"lazy\" \/><\/a>\n\t\t\t<\/div><\/figure>\n\t\t<\/div>\n\n","protected":false},"excerpt":{"rendered":"<p>Yeni Audi A8 l\u00fcks s\u0131n\u0131f\u0131n gelece\u011fini belirleyecek. Audi, markan\u0131n Amiral Gemisi olarak tan\u0131mlad\u0131\u011f\u0131 A8 modelinin d\u00f6rd\u00fcnc\u00fc nesli olan Yeni A8&#8217;in, Frankfurt Otomobil Fuar\u0131 \u00f6ncesinde \u00f6n g\u00f6sterimini yapt\u0131. \u00c7\u0131\u011f\u0131r a\u00e7an dokunmatik kontrol konsepti ve yeni tasar\u0131m diliyle dikkat \u00e7eken Yeni A8, 2018 y\u0131l\u0131ndan itibaren otonom s\u00fcr\u00fc\u015f fonksiyonlar\u0131yla donat\u0131lacak. Yeni Audi A8, 2018 y\u0131l\u0131n\u0131n ilk \u00e7eyre\u011finde T\u00fcrkiye&#8217;de [&hellip;]<\/p>\n","protected":false},"author":1,"featured_media":16767,"comment_status":"open","ping_status":"open","sticky":false,"template":"","format":"standard","meta":[],"categories":[8193,1],"tags":[10014,10015,10016,10017,10018,10019,10020,10021,10022,10025,10023,10024,10026],"_links":{"self":[{"href":"https:\/\/www.digitalcarmagazine.com.tr\/Web\/wp-json\/wp\/v2\/posts\/16763"}],"collection":[{"href":"https:\/\/www.digitalcarmagazine.com.tr\/Web\/wp-json\/wp\/v2\/posts"}],"about":[{"href":"https:\/\/www.digitalcarmagazine.com.tr\/Web\/wp-json\/wp\/v2\/types\/post"}],"author":[{"embeddable":true,"href":"https:\/\/www.digitalcarmagazine.com.tr\/Web\/wp-json\/wp\/v2\/users\/1"}],"replies":[{"embeddable":true,"href":"https:\/\/www.digitalcarmagazine.com.tr\/Web\/wp-json\/wp\/v2\/comments?post=16763"}],"version-history":[{"count":2,"href":"https:\/\/www.digitalcarmagazine.com.tr\/Web\/wp-json\/wp\/v2\/posts\/16763\/revisions"}],"predecessor-version":[{"id":16770,"href":"https:\/\/www.digitalcarmagazine.com.tr\/Web\/wp-json\/wp\/v2\/posts\/16763\/revisions\/16770"}],"wp:featuredmedia":[{"embeddable":true,"href":"https:\/\/www.digitalcarmagazine.com.tr\/Web\/wp-json\/wp\/v2\/media\/16767"}],"wp:attachment":[{"href":"https:\/\/www.digitalcarmagazine.com.tr\/Web\/wp-json\/wp\/v2\/media?parent=16763"}],"wp:term":[{"taxonomy":"category","embeddable":true,"href":"https:\/\/www.digitalcarmagazine.com.tr\/Web\/wp-json\/wp\/v2\/categories?post=16763"},{"taxonomy":"post_tag","embeddable":true,"href":"https:\/\/www.digitalcarmagazine.com.tr\/Web\/wp-json\/wp\/v2\/tags?post=16763"}],"curies":[{"name":"wp","href":"https:\/\/api.w.org\/{rel}","templated":true}]}}