{"id":16758,"date":"2017-07-28T16:35:03","date_gmt":"2017-07-28T13:35:03","guid":{"rendered":"http:\/\/www.digitalcarmagazine.com.tr\/Web\/?p=16758"},"modified":"2017-07-28T16:35:03","modified_gmt":"2017-07-28T13:35:03","slug":"opel-corsa-opc-line-mi-geliyor","status":"publish","type":"post","link":"https:\/\/www.digitalcarmagazine.com.tr\/Web\/opel-corsa-opc-line-mi-geliyor\/","title":{"rendered":"Opel Corsa OPC Line m\u0131 Geliyor?"},"content":{"rendered":"<p>Opel Corsa OPC Line m\u0131 geliyor? Opel Yeni Corsa OPC Line ile super mini ailesini mi geni\u015fletiyor? Adam S \u2018den esinlenerek \u00fcretilen model 1.4 litrelik turbo unite ile gelecek. 150 HP g\u00fc\u00e7 ve 220 Nm tork de\u011ferine sahip olan otomobilin 0-100 h\u0131zlanmas\u0131 8.9 saniye.<\/p>\n<p><img loading=\"lazy\" class=\"alignnone size-large wp-image-16761\" src=\"https:\/\/www.digitalcarmagazine.com.tr\/Web\/wp-content\/uploads\/2017-opel-corsa-s-1-1024x681.jpg\" alt=\"\" width=\"840\" height=\"559\" srcset=\"https:\/\/www.digitalcarmagazine.com.tr\/Web\/wp-content\/uploads\/2017-opel-corsa-s-1-1024x681.jpg 1024w, https:\/\/www.digitalcarmagazine.com.tr\/Web\/wp-content\/uploads\/2017-opel-corsa-s-1-300x200.jpg 300w, https:\/\/www.digitalcarmagazine.com.tr\/Web\/wp-content\/uploads\/2017-opel-corsa-s-1-768x511.jpg 768w, https:\/\/www.digitalcarmagazine.com.tr\/Web\/wp-content\/uploads\/2017-opel-corsa-s-1-600x399.jpg 600w, https:\/\/www.digitalcarmagazine.com.tr\/Web\/wp-content\/uploads\/2017-opel-corsa-s-1.jpg 1600w\" sizes=\"(max-width: 840px) 100vw, 840px\" \/><\/p>\n<h2>Opel Corsa OPC Line m\u0131 Geliyor?<\/h2>\n<p>Modelde g\u00f6rsel olarak 17 in\u00e7 jantlar dikkat \u00e7ekiyor. OPC aero kit ile giydirilen otomobil LED DRLs farlar\u0131yla g\u00f6z dolduruyor. Yeni bir \u00f6n splitter, yan etekler otomobilin sportif karakterini artt\u0131rm\u0131\u015f. Arka b\u00f6l\u00fcmde ise daha k\u0131\u015fk\u0131rt\u0131c\u0131 difiz\u00f6r ve arka kanat kullan\u0131lm\u0131\u015f.<\/p>\n<p><img loading=\"lazy\" class=\"alignnone size-large wp-image-16759\" src=\"https:\/\/www.digitalcarmagazine.com.tr\/Web\/wp-content\/uploads\/2017-opel-corsa-s-6-1024x683.jpg\" alt=\"\" width=\"840\" height=\"560\" srcset=\"https:\/\/www.digitalcarmagazine.com.tr\/Web\/wp-content\/uploads\/2017-opel-corsa-s-6-1024x683.jpg 1024w, https:\/\/www.digitalcarmagazine.com.tr\/Web\/wp-content\/uploads\/2017-opel-corsa-s-6-300x200.jpg 300w, https:\/\/www.digitalcarmagazine.com.tr\/Web\/wp-content\/uploads\/2017-opel-corsa-s-6-768x512.jpg 768w, https:\/\/www.digitalcarmagazine.com.tr\/Web\/wp-content\/uploads\/2017-opel-corsa-s-6-600x400.jpg 600w, https:\/\/www.digitalcarmagazine.com.tr\/Web\/wp-content\/uploads\/2017-opel-corsa-s-6.jpg 1600w\" sizes=\"(max-width: 840px) 100vw, 840px\" \/><\/p>\n<h3>\u0130\u00e7eride Neler Var?<\/h3>\n<p>\u0130\u00e7eride ise deri kapl\u0131 Recaro koltuklar sunulmu\u015f Alt\u0131 d\u00fczle\u015ftirilmi\u015f direksiyon i\u00e7 mekana sportif alg\u0131 katm\u0131\u015f. Orta konsolda R4.0 IntelliLink e\u011flenece sistemi sunulmu\u015f.<\/p>\n","protected":false},"excerpt":{"rendered":"<p>Opel Corsa OPC Line m\u0131 geliyor? Opel Yeni Corsa OPC Line ile super mini ailesini mi geni\u015fletiyor? Adam S \u2018den esinlenerek \u00fcretilen model 1.4 litrelik turbo unite ile gelecek. 150 HP g\u00fc\u00e7 ve 220 Nm tork de\u011ferine sahip olan otomobilin 0-100 h\u0131zlanmas\u0131 8.9 saniye. Opel Corsa OPC Line m\u0131 Geliyor? Modelde g\u00f6rsel olarak 17 in\u00e7 [&hellip;]<\/p>\n","protected":false},"author":1,"featured_media":16760,"comment_status":"open","ping_status":"open","sticky":false,"template":"","format":"standard","meta":[],"categories":[1,7906],"tags":[9995,9996,9997,9998,9999,10000,10001,10002,10003,10004,10005,10006,10007,10008,10009,10010,10011,10012,10013],"_links":{"self":[{"href":"https:\/\/www.digitalcarmagazine.com.tr\/Web\/wp-json\/wp\/v2\/posts\/16758"}],"collection":[{"href":"https:\/\/www.digitalcarmagazine.com.tr\/Web\/wp-json\/wp\/v2\/posts"}],"about":[{"href":"https:\/\/www.digitalcarmagazine.com.tr\/Web\/wp-json\/wp\/v2\/types\/post"}],"author":[{"embeddable":true,"href":"https:\/\/www.digitalcarmagazine.com.tr\/Web\/wp-json\/wp\/v2\/users\/1"}],"replies":[{"embeddable":true,"href":"https:\/\/www.digitalcarmagazine.com.tr\/Web\/wp-json\/wp\/v2\/comments?post=16758"}],"version-history":[{"count":1,"href":"https:\/\/www.digitalcarmagazine.com.tr\/Web\/wp-json\/wp\/v2\/posts\/16758\/revisions"}],"predecessor-version":[{"id":16762,"href":"https:\/\/www.digitalcarmagazine.com.tr\/Web\/wp-json\/wp\/v2\/posts\/16758\/revisions\/16762"}],"wp:featuredmedia":[{"embeddable":true,"href":"https:\/\/www.digitalcarmagazine.com.tr\/Web\/wp-json\/wp\/v2\/media\/16760"}],"wp:attachment":[{"href":"https:\/\/www.digitalcarmagazine.com.tr\/Web\/wp-json\/wp\/v2\/media?parent=16758"}],"wp:term":[{"taxonomy":"category","embeddable":true,"href":"https:\/\/www.digitalcarmagazine.com.tr\/Web\/wp-json\/wp\/v2\/categories?post=16758"},{"taxonomy":"post_tag","embeddable":true,"href":"https:\/\/www.digitalcarmagazine.com.tr\/Web\/wp-json\/wp\/v2\/tags?post=16758"}],"curies":[{"name":"wp","href":"https:\/\/api.w.org\/{rel}","templated":true}]}}