{"id":1556,"date":"2012-03-20T16:01:34","date_gmt":"2012-03-20T16:01:34","guid":{"rendered":"http:\/\/www.digitalcarmagazine.com.tr\/Web\/?p=1556"},"modified":"2012-03-20T16:01:34","modified_gmt":"2012-03-20T16:01:34","slug":"sadece-otomobil-ile-yarismiyor-snowboardta-da-hunerleri-buyuk","status":"publish","type":"post","link":"https:\/\/www.digitalcarmagazine.com.tr\/Web\/sadece-otomobil-ile-yarismiyor-snowboardta-da-hunerleri-buyuk\/","title":{"rendered":"Sadece otomobil ile yar\u0131\u015fm\u0131yor! Snowboard&#8217;ta da h\u00fcnerleri b\u00fcy\u00fck!"},"content":{"rendered":"<h4>Onun ad\u0131 \u00c7i\u00e7ek G\u00fcney! T\u00fcrkiye&#8217;nin en yetenekli sporcular\u0131ndan olan G\u00fcney&#8217;in 10 parma\u011f\u0131nda 10 marifet! Onu hep yar\u0131\u015f parkurlar\u0131nda g\u00f6r\u00fcyoruz ama ba\u015fka marifetleriyle de \u00f6n plana \u00e7\u0131kabiliyor. Belki otomobil d\u00fcnyas\u0131 ile alakal\u0131 de\u011fil bu haber ama otomobil d\u00fcnyas\u0131ndan bir arkada\u015f\u0131m\u0131z\u0131n bu ba\u015far\u0131s\u0131n\u0131 sitemize koymaktan dolay\u0131 mutluyuz&#8230;<\/h4>\n<p><a href=\"https:\/\/www.digitalcarmagazine.com.tr\/Web\/wp-content\/uploads\/cicek.jpg\"><img loading=\"lazy\" class=\"alignleft size-medium wp-image-1557\" title=\"cicek\" src=\"https:\/\/www.digitalcarmagazine.com.tr\/Web\/wp-content\/uploads\/cicek-300x225.jpg\" alt=\"\" width=\"300\" height=\"225\" srcset=\"https:\/\/www.digitalcarmagazine.com.tr\/Web\/wp-content\/uploads\/cicek-300x225.jpg 300w, https:\/\/www.digitalcarmagazine.com.tr\/Web\/wp-content\/uploads\/cicek-1024x768.jpg 1024w\" sizes=\"(max-width: 300px) 100vw, 300px\" \/><\/a><\/p>\n<p>Onu yar\u0131\u015f pistlerinden tan\u0131yoruz. Burcu \u00c7etinkaya ile birlikte hem T\u00fcrkiye&#8217;de hem de d\u00fcnyada yar\u0131\u015f parkurlar\u0131nda ter d\u00f6ken ve bir\u00e7ok ba\u015far\u0131ya imza atan \u00c7i\u00e7ek G\u00fcney, sporun di\u011fer dallar\u0131nda da ba\u015far\u0131lar\u0131yla g\u00f6ze bat\u0131yor. Snowboard konuunda da ciddi ba\u015far\u0131l\u0131 olan \u00c7i\u00e7ek, 16 mart tarihinde Erzurum Paland\u00f6ken&#8217;de ger\u00e7ekle\u015ftirilen T\u00fcrkiye Snowboard Paralel B\u00fcy\u00fck Slalom yar\u0131\u015flar\u0131nda Bayanlar Genel Klasman birincisi oldu. Bu onun i\u00e7in ilk de\u011fildi! Bu ba\u015far\u0131s\u0131 ile 10. T\u00fcrkiye Bayanlar B\u00fcy\u00fck Slalom \u015eampiyonlu\u011fu&#8217;nu ilan edip k\u0131r\u0131lmas\u0131 zor bir rekora imza atm\u0131\u015f oldu. DCM ailesi olarak \u00c7i\u00e7ek G\u00fcney&#8217;i kutluyoruz.<\/p>\n<p>Erzurum Paland\u00f6ken&#8217;de 16 Mart tarihinde ger\u00e7ekle\u015fen T\u00fcrkiye Snowboard Paralel B\u00fcy\u00fck Slalom yar\u0131\u015flar\u0131 yap\u0131ld\u0131.<br \/>\nToplam 98 sporcunun kat\u0131l\u0131m\u0131yla ger\u00e7ekle\u015fen yar\u0131\u015flar zor hava \u015fartlar\u0131na ra\u011fmen sonu\u00e7land\u0131.<\/p>\n<p>\u00c7i\u00e7ek G\u00fcney,\u00a0 TeliaSonera, Intercity, Mars Athletic Club, Puma\u00a0ve Spx sponsorlu\u011fuyla Bursa B\u00fcy\u00fck\u015fehir Belediyespor ad\u0131na yar\u0131\u015f\u0131p, T\u00fcrkiye Snowboard \u015eampiyonas\u0131nda Paralel B\u00fcy\u00fck Slalom dal\u0131nda Bayanlar Genel Klasman\u00a0<a href=\"http:\/\/1.si\/\" target=\"_blank\">1.si<\/a>\u00a0olarak,<strong>\u00a010.T\u00fcrkiye Bayanlar B\u00fcy\u00fck Slalom \u015eampiyonlu\u011fumu\u00a0<\/strong>ilan edip, k\u0131r\u0131lmas\u0131 zor bir rekora imza att\u0131.<\/p>\n<p><span style=\"text-decoration: underline;\">B\u00fcy\u00fck Bayanlar:<\/span><br \/>\n<strong>1. \u00c7i\u00e7ek G\u00fcney<br \/>\n<\/strong>2. Bur\u00e7ak Demircio\u011flu<br \/>\n3. Canset Bulut<\/p>\n<p><span style=\"text-decoration: underline;\">Gen\u00e7 Bayanlar:<\/span><br \/>\n1. E.Ece Limon<br \/>\n2. Ege Derman<br \/>\n3. E.K\u00fcbra Gene\u015fke<\/p>\n<p><span style=\"text-decoration: underline;\">B\u00fcy\u00fck Erkekler:<\/span><br \/>\n1. Meri\u00e7 Dumlu<br \/>\n2. Cihad Alt\u0131nok<br \/>\n<strong>3. Memet G\u00fcney<\/strong><\/p>\n<p><span style=\"text-decoration: underline;\">Gen\u00e7 Erkekler:<\/span><br \/>\n1. Ali G\u00fczaltan<br \/>\n2. Tanzer Pehlivan<br \/>\n3. Hamza Polat<\/p>\n","protected":false},"excerpt":{"rendered":"<p>Onun ad\u0131 \u00c7i\u00e7ek G\u00fcney! T\u00fcrkiye&#8217;nin en yetenekli sporcular\u0131ndan olan G\u00fcney&#8217;in 10 parma\u011f\u0131nda 10 marifet! Onu hep yar\u0131\u015f parkurlar\u0131nda g\u00f6r\u00fcyoruz ama ba\u015fka marifetleriyle de \u00f6n plana \u00e7\u0131kabiliyor. Belki otomobil d\u00fcnyas\u0131 ile alakal\u0131 de\u011fil bu haber ama otomobil d\u00fcnyas\u0131ndan bir arkada\u015f\u0131m\u0131z\u0131n bu ba\u015far\u0131s\u0131n\u0131 sitemize koymaktan dolay\u0131 mutluyuz&#8230; Onu yar\u0131\u015f pistlerinden tan\u0131yoruz. Burcu \u00c7etinkaya ile birlikte hem T\u00fcrkiye&#8217;de [&hellip;]<\/p>\n","protected":false},"author":1,"featured_media":0,"comment_status":"open","ping_status":"open","sticky":false,"template":"","format":"standard","meta":[],"categories":[1],"tags":[],"_links":{"self":[{"href":"https:\/\/www.digitalcarmagazine.com.tr\/Web\/wp-json\/wp\/v2\/posts\/1556"}],"collection":[{"href":"https:\/\/www.digitalcarmagazine.com.tr\/Web\/wp-json\/wp\/v2\/posts"}],"about":[{"href":"https:\/\/www.digitalcarmagazine.com.tr\/Web\/wp-json\/wp\/v2\/types\/post"}],"author":[{"embeddable":true,"href":"https:\/\/www.digitalcarmagazine.com.tr\/Web\/wp-json\/wp\/v2\/users\/1"}],"replies":[{"embeddable":true,"href":"https:\/\/www.digitalcarmagazine.com.tr\/Web\/wp-json\/wp\/v2\/comments?post=1556"}],"version-history":[{"count":2,"href":"https:\/\/www.digitalcarmagazine.com.tr\/Web\/wp-json\/wp\/v2\/posts\/1556\/revisions"}],"predecessor-version":[{"id":1559,"href":"https:\/\/www.digitalcarmagazine.com.tr\/Web\/wp-json\/wp\/v2\/posts\/1556\/revisions\/1559"}],"wp:attachment":[{"href":"https:\/\/www.digitalcarmagazine.com.tr\/Web\/wp-json\/wp\/v2\/media?parent=1556"}],"wp:term":[{"taxonomy":"category","embeddable":true,"href":"https:\/\/www.digitalcarmagazine.com.tr\/Web\/wp-json\/wp\/v2\/categories?post=1556"},{"taxonomy":"post_tag","embeddable":true,"href":"https:\/\/www.digitalcarmagazine.com.tr\/Web\/wp-json\/wp\/v2\/tags?post=1556"}],"curies":[{"name":"wp","href":"https:\/\/api.w.org\/{rel}","templated":true}]}}