{"id":1512,"date":"2012-03-19T17:26:14","date_gmt":"2012-03-19T17:26:14","guid":{"rendered":"http:\/\/www.digitalcarmagazine.com.tr\/Web\/?p=1512"},"modified":"2012-03-22T15:53:58","modified_gmt":"2012-03-22T15:53:58","slug":"gozler-uzerinizde","status":"publish","type":"post","link":"https:\/\/www.digitalcarmagazine.com.tr\/Web\/gozler-uzerinizde\/","title":{"rendered":"G\u00f6zler \u00fczerinizde!"},"content":{"rendered":"<h4><span style=\"color: #3366ff;\">Yaz\u0131 ve foto\u011fraf:<\/span> Serhat \u00d6zdek<\/h4>\n<h4>&#8216;\u0130maj her \u015feydir&#8217; diyorsan\u0131z MINI COOPER S COUPE tam size g\u00f6re bir otomobil. Tasar\u0131m\u0131, performans\u0131 ve hissettirdikleri ile fark\u0131n\u0131 g\u00f6steriyor.<\/h4>\n<p>\u00dcnl\u00fcyseniz yolda y\u00fcr\u00fcmekte zorluk \u00e7ekebilirsiniz. Hayranlar\u0131n\u0131z \u00f6n\u00fcn\u00fcz\u00fc keser, sizi \u00f6pmek, foto\u011fraf \u00e7ektirmek ister. Trafikte giderken de alt\u0131n\u0131zdaki otomobil ne olursa olsun g\u00f6zler hep sizi takip eder. Ya \u00fcnl\u00fc de\u011filseniz ve hala g\u00f6zler \u00fczerinizdeyse o zaman otomobilinizde bir \u015fey vard\u0131r. Kendinizi \u00fcnl\u00fc gibi hissedersiniz. \u0130\u015fte MINI Cooper S Coupe ile ben bunu ya\u015fad\u0131m. \u0130ki g\u00fcnl\u00fck maceramda kendimi \u00fcnl\u00fc biriymi\u015fim gibi hissettim. Hemen moda girdim diyebilirim. Tabii bu iki g\u00fcn s\u00fcrd\u00fc. Test arac\u0131n\u0131 teslim ederken ger\u00e7ek d\u00fcnyama d\u00f6nmek biraz g\u00fc\u00e7 oldu.<\/p>\n<p><a href=\"https:\/\/www.digitalcarmagazine.com.tr\/Web\/wp-content\/uploads\/01-MINI.COUPE_.jpg\"><img loading=\"lazy\" class=\"alignleft size-medium wp-image-1513\" title=\"01 MINI.COUPE\" src=\"https:\/\/www.digitalcarmagazine.com.tr\/Web\/wp-content\/uploads\/01-MINI.COUPE_-300x193.jpg\" alt=\"\" width=\"300\" height=\"193\" srcset=\"https:\/\/www.digitalcarmagazine.com.tr\/Web\/wp-content\/uploads\/01-MINI.COUPE_-300x193.jpg 300w, https:\/\/www.digitalcarmagazine.com.tr\/Web\/wp-content\/uploads\/01-MINI.COUPE_.jpg 528w\" sizes=\"(max-width: 300px) 100vw, 300px\" \/><\/a><\/p>\n<h4><span style=\"color: #ff0000;\">Tasar\u0131m harikas\u0131!<\/span><\/h4>\n<p>MINI markas\u0131n\u0131n hemen hemen her modelinde ilgi \u00e7ekmek m\u00fcmk\u00fcn. Tasar\u0131m itibari ile kendisini kan\u0131tlam\u0131\u015f olan MINI\u2019nin son g\u00f6zdesi olan Coupe versiyonu benim i\u00e7in son noktad\u0131r. Di\u011fer MINI modellerine g\u00f6re daha agresif ve sportif bir g\u00f6r\u00fcnt\u00fc hakim. Bu sportiflikten maksimum yararlanabilece\u011fimiz MINI Cooper S Coupe, 1.6 litrelik 184 HP g\u00fc\u00e7 \u00fcreten turbo beslemeli motoru ile g\u00f6rev yap\u0131yor. Bir de 122 HP\u2019lik\u00a0 g\u00fc\u00e7 \u00fcreten giri\u015f seviyesi modeli bulunuyor. S versiyonuyla adrenalin seviyenizi doruklara \u00e7\u0131kar\u0131yor. 240 Nm\u2019lik torku ve 6 ileri steptronic \u015fanz\u0131man\u0131 ile s\u00fcr\u00fc\u015f keyfini maksimuma \u00e7\u0131kar\u0131yor. Alt devirlerden itibaren g\u00fcc\u00fc hissettirmesi onun DNA\u2019s\u0131n\u0131n bir kan\u0131t\u0131 oluyor. K\u0131sacas\u0131 s\u00fcr\u00fc\u015f karakteri t\u00fcm MINI modellerinde oldu\u011fu gibi fazlas\u0131yla e\u011flenceli ve sportif. Coupe versiyonunda as\u0131l g\u00f6ze batan tasar\u0131m detaylar\u0131. Tavan\u0131 sonradan \u00fczerine konulmu\u015f gibi. Ters giyilmi\u015f bir \u015fapkay\u0131 and\u0131r\u0131yor. Tavan bas\u0131k gibi g\u00f6r\u00fcnse de i\u00e7 mekanda hi\u00e7 \u00f6yle olmad\u0131\u011f\u0131n\u0131 g\u00f6r\u00fcyorum. 190 cm\u2019lik boyumla olduk\u00e7a rahat direksiyonun ba\u015f\u0131nday\u0131m. Tavanda ba\u015f mesafesi i\u00e7in oyuklar bulunuyor ve bu konfora katk\u0131s\u0131 b\u00fcy\u00fck oluyor. \u0130\u00e7 mekanda MINI markas\u0131n\u0131n \u00f6zel tasar\u0131m\u0131 aynen devam ediyor. H\u0131z g\u00f6stergesinin ortas\u0131nda bulunan ekran\u0131ndaki sistem bilgilerine, vites kolunun arkas\u0131ndaki joystickle kumanda edebiliyorsunuz. Coupe\u2019nin bir di\u011fer \u00f6zelli\u011fi, di\u011fer MINI modellerinde bulunan ikinci koltuk s\u0131ras\u0131n\u0131n bulunmay\u0131\u015f\u0131. MINI Cooper S Coupe\u2019de yan\u0131n\u0131za sadece bir ki\u015fi alabilirsiniz. Bu durumdan dolay\u0131 olduk\u00e7a geni\u015f bir bagaj alan\u0131 sunuyor. 280 litrelik bagaja i\u00e7eriden de bir kapak sayesinde ula\u015fabiliyor; hatta k\u00fc\u00e7\u00fck \u00e7anta ve e\u015fyalar\u0131n\u0131z\u0131 direkt bagaja koyabiliyorsunuz.<\/p>\n<p>M\u00fckemmel tasar\u0131ma ve farkl\u0131 s\u00fcr\u00fc\u015f zevkine sahip olabilece\u011finiz MINI Cooper S Coupe\u2019ye sahip olmak i\u00e7in 75 bin TL\u2019yi g\u00f6zden \u00e7\u0131karman\u0131z gerekiyor&#8230;<\/p>\n<h4><a href=\"http:\/\/www.digitalcarmagazine.com.tr\/mart2012\">www.digitalcarmagazine.com.tr\/mart2012 say\u0131s\u0131nda!<\/a> Online dergi i\u00e7in linke t\u0131klay\u0131n!<\/h4>\n<div id='gallery-1' class='gallery galleryid-1512 gallery-columns-4 gallery-size-thumbnail'><figure class='gallery-item'>\n\t\t\t<div class='gallery-icon landscape'>\n\t\t\t\t<a href='https:\/\/www.digitalcarmagazine.com.tr\/Web\/gozler-uzerinizde\/mini\/'><img width=\"150\" height=\"150\" src=\"https:\/\/www.digitalcarmagazine.com.tr\/Web\/wp-content\/uploads\/mini-150x150.jpg\" class=\"attachment-thumbnail size-thumbnail\" alt=\"\" loading=\"lazy\" \/><\/a>\n\t\t\t<\/div><\/figure><figure class='gallery-item'>\n\t\t\t<div class='gallery-icon portrait'>\n\t\t\t\t<a href='https:\/\/www.digitalcarmagazine.com.tr\/Web\/gozler-uzerinizde\/13-mini-coupe\/'><img width=\"150\" height=\"150\" src=\"https:\/\/www.digitalcarmagazine.com.tr\/Web\/wp-content\/uploads\/13-MINI.COUPE_-150x150.jpg\" class=\"attachment-thumbnail size-thumbnail\" alt=\"\" loading=\"lazy\" \/><\/a>\n\t\t\t<\/div><\/figure><figure class='gallery-item'>\n\t\t\t<div class='gallery-icon landscape'>\n\t\t\t\t<a href='https:\/\/www.digitalcarmagazine.com.tr\/Web\/gozler-uzerinizde\/12-mini-coupe\/'><img width=\"150\" height=\"150\" src=\"https:\/\/www.digitalcarmagazine.com.tr\/Web\/wp-content\/uploads\/12-MINI.COUPE_-150x150.jpg\" class=\"attachment-thumbnail size-thumbnail\" alt=\"\" loading=\"lazy\" \/><\/a>\n\t\t\t<\/div><\/figure><figure class='gallery-item'>\n\t\t\t<div class='gallery-icon landscape'>\n\t\t\t\t<a href='https:\/\/www.digitalcarmagazine.com.tr\/Web\/gozler-uzerinizde\/11-mini-coupe\/'><img width=\"150\" height=\"150\" src=\"https:\/\/www.digitalcarmagazine.com.tr\/Web\/wp-content\/uploads\/11-MINI.COUPE_-150x150.jpg\" class=\"attachment-thumbnail size-thumbnail\" alt=\"\" loading=\"lazy\" \/><\/a>\n\t\t\t<\/div><\/figure><figure class='gallery-item'>\n\t\t\t<div class='gallery-icon landscape'>\n\t\t\t\t<a href='https:\/\/www.digitalcarmagazine.com.tr\/Web\/gozler-uzerinizde\/10-mini-coupe\/'><img width=\"150\" height=\"150\" src=\"https:\/\/www.digitalcarmagazine.com.tr\/Web\/wp-content\/uploads\/10-MINI.COUPE_-150x150.jpg\" class=\"attachment-thumbnail size-thumbnail\" alt=\"\" loading=\"lazy\" \/><\/a>\n\t\t\t<\/div><\/figure><figure class='gallery-item'>\n\t\t\t<div class='gallery-icon portrait'>\n\t\t\t\t<a href='https:\/\/www.digitalcarmagazine.com.tr\/Web\/gozler-uzerinizde\/09-mini-coupe\/'><img width=\"150\" height=\"150\" src=\"https:\/\/www.digitalcarmagazine.com.tr\/Web\/wp-content\/uploads\/09-MINI.COUPE_-150x150.jpg\" class=\"attachment-thumbnail size-thumbnail\" alt=\"\" loading=\"lazy\" \/><\/a>\n\t\t\t<\/div><\/figure><figure class='gallery-item'>\n\t\t\t<div class='gallery-icon landscape'>\n\t\t\t\t<a href='https:\/\/www.digitalcarmagazine.com.tr\/Web\/gozler-uzerinizde\/08-mini-coupe\/'><img width=\"150\" height=\"150\" src=\"https:\/\/www.digitalcarmagazine.com.tr\/Web\/wp-content\/uploads\/08-MINI.COUPE_-150x150.jpg\" class=\"attachment-thumbnail size-thumbnail\" alt=\"\" loading=\"lazy\" \/><\/a>\n\t\t\t<\/div><\/figure><figure class='gallery-item'>\n\t\t\t<div class='gallery-icon landscape'>\n\t\t\t\t<a href='https:\/\/www.digitalcarmagazine.com.tr\/Web\/gozler-uzerinizde\/07-mini-coupe\/'><img width=\"150\" height=\"150\" src=\"https:\/\/www.digitalcarmagazine.com.tr\/Web\/wp-content\/uploads\/07-MINI.COUPE_-150x150.jpg\" class=\"attachment-thumbnail size-thumbnail\" alt=\"\" loading=\"lazy\" \/><\/a>\n\t\t\t<\/div><\/figure><figure class='gallery-item'>\n\t\t\t<div class='gallery-icon landscape'>\n\t\t\t\t<a href='https:\/\/www.digitalcarmagazine.com.tr\/Web\/gozler-uzerinizde\/06-mini-coupe\/'><img width=\"150\" height=\"150\" src=\"https:\/\/www.digitalcarmagazine.com.tr\/Web\/wp-content\/uploads\/06-MINI.COUPE_-150x150.jpg\" class=\"attachment-thumbnail size-thumbnail\" alt=\"\" loading=\"lazy\" \/><\/a>\n\t\t\t<\/div><\/figure><figure class='gallery-item'>\n\t\t\t<div class='gallery-icon landscape'>\n\t\t\t\t<a href='https:\/\/www.digitalcarmagazine.com.tr\/Web\/gozler-uzerinizde\/05-mini-coupe\/'><img width=\"150\" height=\"150\" src=\"https:\/\/www.digitalcarmagazine.com.tr\/Web\/wp-content\/uploads\/05-MINI.COUPE_-150x150.jpg\" class=\"attachment-thumbnail size-thumbnail\" alt=\"\" loading=\"lazy\" \/><\/a>\n\t\t\t<\/div><\/figure><figure class='gallery-item'>\n\t\t\t<div class='gallery-icon landscape'>\n\t\t\t\t<a href='https:\/\/www.digitalcarmagazine.com.tr\/Web\/gozler-uzerinizde\/04-mini-coupe\/'><img width=\"150\" height=\"150\" src=\"https:\/\/www.digitalcarmagazine.com.tr\/Web\/wp-content\/uploads\/04-MINI.COUPE_-150x150.jpg\" class=\"attachment-thumbnail size-thumbnail\" alt=\"\" loading=\"lazy\" \/><\/a>\n\t\t\t<\/div><\/figure><figure class='gallery-item'>\n\t\t\t<div class='gallery-icon landscape'>\n\t\t\t\t<a href='https:\/\/www.digitalcarmagazine.com.tr\/Web\/gozler-uzerinizde\/03-mini-coupe\/'><img width=\"150\" height=\"150\" src=\"https:\/\/www.digitalcarmagazine.com.tr\/Web\/wp-content\/uploads\/03-MINI.COUPE_-150x150.jpg\" class=\"attachment-thumbnail size-thumbnail\" alt=\"\" loading=\"lazy\" \/><\/a>\n\t\t\t<\/div><\/figure><figure class='gallery-item'>\n\t\t\t<div class='gallery-icon landscape'>\n\t\t\t\t<a href='https:\/\/www.digitalcarmagazine.com.tr\/Web\/gozler-uzerinizde\/02-mini-coupe\/'><img width=\"150\" height=\"150\" src=\"https:\/\/www.digitalcarmagazine.com.tr\/Web\/wp-content\/uploads\/02-MINI.COUPE_-150x150.jpg\" class=\"attachment-thumbnail size-thumbnail\" alt=\"\" loading=\"lazy\" \/><\/a>\n\t\t\t<\/div><\/figure><figure class='gallery-item'>\n\t\t\t<div class='gallery-icon landscape'>\n\t\t\t\t<a href='https:\/\/www.digitalcarmagazine.com.tr\/Web\/gozler-uzerinizde\/01-mini-coupe\/'><img width=\"150\" height=\"150\" src=\"https:\/\/www.digitalcarmagazine.com.tr\/Web\/wp-content\/uploads\/01-MINI.COUPE_-150x150.jpg\" class=\"attachment-thumbnail size-thumbnail\" alt=\"\" loading=\"lazy\" \/><\/a>\n\t\t\t<\/div><\/figure>\n\t\t<\/div>\n\n<p>&nbsp;<\/p>\n<p>&nbsp;<\/p>\n","protected":false},"excerpt":{"rendered":"<p>Yaz\u0131 ve foto\u011fraf: Serhat \u00d6zdek &#8216;\u0130maj her \u015feydir&#8217; diyorsan\u0131z MINI COOPER S COUPE tam size g\u00f6re bir otomobil. Tasar\u0131m\u0131, performans\u0131 ve hissettirdikleri ile fark\u0131n\u0131 g\u00f6steriyor. \u00dcnl\u00fcyseniz yolda y\u00fcr\u00fcmekte zorluk \u00e7ekebilirsiniz. Hayranlar\u0131n\u0131z \u00f6n\u00fcn\u00fcz\u00fc keser, sizi \u00f6pmek, foto\u011fraf \u00e7ektirmek ister. Trafikte giderken de alt\u0131n\u0131zdaki otomobil ne olursa olsun g\u00f6zler hep sizi takip eder. Ya \u00fcnl\u00fc de\u011filseniz ve [&hellip;]<\/p>\n","protected":false},"author":1,"featured_media":0,"comment_status":"open","ping_status":"open","sticky":false,"template":"","format":"standard","meta":[],"categories":[1,15],"tags":[],"_links":{"self":[{"href":"https:\/\/www.digitalcarmagazine.com.tr\/Web\/wp-json\/wp\/v2\/posts\/1512"}],"collection":[{"href":"https:\/\/www.digitalcarmagazine.com.tr\/Web\/wp-json\/wp\/v2\/posts"}],"about":[{"href":"https:\/\/www.digitalcarmagazine.com.tr\/Web\/wp-json\/wp\/v2\/types\/post"}],"author":[{"embeddable":true,"href":"https:\/\/www.digitalcarmagazine.com.tr\/Web\/wp-json\/wp\/v2\/users\/1"}],"replies":[{"embeddable":true,"href":"https:\/\/www.digitalcarmagazine.com.tr\/Web\/wp-json\/wp\/v2\/comments?post=1512"}],"version-history":[{"count":3,"href":"https:\/\/www.digitalcarmagazine.com.tr\/Web\/wp-json\/wp\/v2\/posts\/1512\/revisions"}],"predecessor-version":[{"id":1584,"href":"https:\/\/www.digitalcarmagazine.com.tr\/Web\/wp-json\/wp\/v2\/posts\/1512\/revisions\/1584"}],"wp:attachment":[{"href":"https:\/\/www.digitalcarmagazine.com.tr\/Web\/wp-json\/wp\/v2\/media?parent=1512"}],"wp:term":[{"taxonomy":"category","embeddable":true,"href":"https:\/\/www.digitalcarmagazine.com.tr\/Web\/wp-json\/wp\/v2\/categories?post=1512"},{"taxonomy":"post_tag","embeddable":true,"href":"https:\/\/www.digitalcarmagazine.com.tr\/Web\/wp-json\/wp\/v2\/tags?post=1512"}],"curies":[{"name":"wp","href":"https:\/\/api.w.org\/{rel}","templated":true}]}}