{"id":13710,"date":"2016-11-25T12:36:15","date_gmt":"2016-11-25T09:36:15","guid":{"rendered":"http:\/\/www.digitalcarmagazine.com.tr\/Web\/?p=13710"},"modified":"2016-11-25T12:36:15","modified_gmt":"2016-11-25T09:36:15","slug":"otv-zammi-resmi-gazetede-yayinlandi","status":"publish","type":"post","link":"https:\/\/www.digitalcarmagazine.com.tr\/Web\/otv-zammi-resmi-gazetede-yayinlandi\/","title":{"rendered":"\u00d6TV ZAMMI RESM\u0130 GAZETEDE YAYINLANDI"},"content":{"rendered":"<h2>Motorlu ta\u015f\u0131tlardaki \u00d6TV\u2019de yeni d\u00fczenlemeyi de i\u00e7eren kanun tasar\u0131s\u0131 resmi gazetede yay\u0131nland\u0131. Hangi otomobiller; ne kadar etkilenecek?<\/h2>\n<p>\u00d6TV zamm\u0131 2016&#8217;n\u0131n detaylar\u0131 belli oldu. Hangi ara\u00e7lar \u00d6TV zamm\u0131ndan etkilniyor? Otomobil alacaklar\u0131 yak\u0131ndan ilgilendiren tasar\u0131yla, \u00d6zel T\u00fcketim Vergisi Kanunu\u2019nda yap\u0131lan de\u011fi\u015fiklikle motorlu ta\u015f\u0131tlarda bug\u00fcne kadar sadece motor hacmine dayal\u0131 al\u0131nan \u00d6TV\u2019ye \u00e7e\u015fitli gruplara g\u00f6re de de\u011fi\u015fiklik getirme hakk\u0131 Bakanlar Kurulu\u2019na veriliyor.<\/p>\n<p><a href=\"https:\/\/www.digitalcarmagazine.com.tr\/Web\/wp-content\/uploads\/resmi.jpg\" rel=\"attachment wp-att-13711\"><img loading=\"lazy\" class=\"size-full wp-image-13711 alignleft\" src=\"https:\/\/www.digitalcarmagazine.com.tr\/Web\/wp-content\/uploads\/resmi.jpg\" alt=\"resmi\" width=\"493\" height=\"578\" srcset=\"https:\/\/www.digitalcarmagazine.com.tr\/Web\/wp-content\/uploads\/resmi.jpg 493w, https:\/\/www.digitalcarmagazine.com.tr\/Web\/wp-content\/uploads\/resmi-256x300.jpg 256w\" sizes=\"(max-width: 493px) 100vw, 493px\" \/><\/a><\/p>\n<p>&nbsp;<\/p>\n<p>&nbsp;<\/p>\n<p><a href=\"https:\/\/www.digitalcarmagazine.com.tr\/Web\/wp-content\/uploads\/otvornek2.jpg\" rel=\"attachment wp-att-13712\"><img loading=\"lazy\" class=\"size-full wp-image-13712 alignleft\" src=\"https:\/\/www.digitalcarmagazine.com.tr\/Web\/wp-content\/uploads\/otvornek2.jpg\" alt=\"otvornek2\" width=\"626\" height=\"188\" srcset=\"https:\/\/www.digitalcarmagazine.com.tr\/Web\/wp-content\/uploads\/otvornek2.jpg 626w, https:\/\/www.digitalcarmagazine.com.tr\/Web\/wp-content\/uploads\/otvornek2-300x90.jpg 300w\" sizes=\"(max-width: 626px) 100vw, 626px\" \/><\/a><\/p>\n<p>&nbsp;<\/p>\n","protected":false},"excerpt":{"rendered":"<p>Motorlu ta\u015f\u0131tlardaki \u00d6TV\u2019de yeni d\u00fczenlemeyi de i\u00e7eren kanun tasar\u0131s\u0131 resmi gazetede yay\u0131nland\u0131. Hangi otomobiller; ne kadar etkilenecek? \u00d6TV zamm\u0131 2016&#8217;n\u0131n detaylar\u0131 belli oldu. Hangi ara\u00e7lar \u00d6TV zamm\u0131ndan etkilniyor? Otomobil alacaklar\u0131 yak\u0131ndan ilgilendiren tasar\u0131yla, \u00d6zel T\u00fcketim Vergisi Kanunu\u2019nda yap\u0131lan de\u011fi\u015fiklikle motorlu ta\u015f\u0131tlarda bug\u00fcne kadar sadece motor hacmine dayal\u0131 al\u0131nan \u00d6TV\u2019ye \u00e7e\u015fitli gruplara g\u00f6re de de\u011fi\u015fiklik getirme [&hellip;]<\/p>\n","protected":false},"author":1,"featured_media":13713,"comment_status":"open","ping_status":"open","sticky":false,"template":"","format":"standard","meta":[],"categories":[1],"tags":[6830,6827,6828,6829,6825,6826],"_links":{"self":[{"href":"https:\/\/www.digitalcarmagazine.com.tr\/Web\/wp-json\/wp\/v2\/posts\/13710"}],"collection":[{"href":"https:\/\/www.digitalcarmagazine.com.tr\/Web\/wp-json\/wp\/v2\/posts"}],"about":[{"href":"https:\/\/www.digitalcarmagazine.com.tr\/Web\/wp-json\/wp\/v2\/types\/post"}],"author":[{"embeddable":true,"href":"https:\/\/www.digitalcarmagazine.com.tr\/Web\/wp-json\/wp\/v2\/users\/1"}],"replies":[{"embeddable":true,"href":"https:\/\/www.digitalcarmagazine.com.tr\/Web\/wp-json\/wp\/v2\/comments?post=13710"}],"version-history":[{"count":1,"href":"https:\/\/www.digitalcarmagazine.com.tr\/Web\/wp-json\/wp\/v2\/posts\/13710\/revisions"}],"predecessor-version":[{"id":13714,"href":"https:\/\/www.digitalcarmagazine.com.tr\/Web\/wp-json\/wp\/v2\/posts\/13710\/revisions\/13714"}],"wp:featuredmedia":[{"embeddable":true,"href":"https:\/\/www.digitalcarmagazine.com.tr\/Web\/wp-json\/wp\/v2\/media\/13713"}],"wp:attachment":[{"href":"https:\/\/www.digitalcarmagazine.com.tr\/Web\/wp-json\/wp\/v2\/media?parent=13710"}],"wp:term":[{"taxonomy":"category","embeddable":true,"href":"https:\/\/www.digitalcarmagazine.com.tr\/Web\/wp-json\/wp\/v2\/categories?post=13710"},{"taxonomy":"post_tag","embeddable":true,"href":"https:\/\/www.digitalcarmagazine.com.tr\/Web\/wp-json\/wp\/v2\/tags?post=13710"}],"curies":[{"name":"wp","href":"https:\/\/api.w.org\/{rel}","templated":true}]}}