{"id":13693,"date":"2016-11-26T10:00:12","date_gmt":"2016-11-26T07:00:12","guid":{"rendered":"http:\/\/www.digitalcarmagazine.com.tr\/Web\/?p=13693"},"modified":"2016-11-28T14:31:13","modified_gmt":"2016-11-28T11:31:13","slug":"renault-talismana-odul","status":"publish","type":"post","link":"https:\/\/www.digitalcarmagazine.com.tr\/Web\/renault-talismana-odul\/","title":{"rendered":"Renault TALISMAN\u2019a \u00f6d\u00fcl"},"content":{"rendered":"<h2>Renault Talisman \u201c2017 Y\u0131l\u0131 Business Car\u201d se\u00e7ildi. Danimarka\u2019da d\u00fczenlenen organizasyonda ayn\u0131 segmentte 10 farkl\u0131 markan\u0131n modelinin yer ald\u0131\u011f\u0131 m\u00fccadelede j\u00fcri \u00fcyeleri iki g\u00fcn boyunca otomobilleri de\u011ferlendirdi ve Renault Talisman bu \u00f6d\u00fcle lay\u0131k g\u00f6r\u00fcld\u00fc.<\/h2>\n<p>J\u00fcri, Business Denmark (meslekleri gere\u011fi y\u0131lda 30-80.000 km yol kat eden sat\u0131\u015f temsilcilerini istihdam eden bir federasyon) \u00fcyelerinden olu\u015fuyor. J\u00fcride ayn\u0131 zamanda iki otomotiv gazetecisi, j\u00fcri dan\u0131\u015fman\u0131 ve otomobillerin ergonomik \u00f6zeliklerini de\u011ferlendirmesi amac\u0131yla bir fizyoterapist yer al\u0131yor.<\/p>\n<p>Se\u00e7ilen otomobilin Talisman oldu\u011fu j\u00fcri ba\u015fkan\u0131 taraf\u0131ndan sebepleriyle birlikte a\u00e7\u0131kland\u0131. Danimarka\u2019da ilk kez bir Frans\u0131z otomobili \u201cY\u0131l\u0131n Business Car\u201d\u0131 \u00f6d\u00fcl\u00fcne lay\u0131k g\u00f6r\u00fclm\u00fc\u015f oldu.<\/p>\n","protected":false},"excerpt":{"rendered":"<p>Renault Talisman \u201c2017 Y\u0131l\u0131 Business Car\u201d se\u00e7ildi. Danimarka\u2019da d\u00fczenlenen organizasyonda ayn\u0131 segmentte 10 farkl\u0131 markan\u0131n modelinin yer ald\u0131\u011f\u0131 m\u00fccadelede j\u00fcri \u00fcyeleri iki g\u00fcn boyunca otomobilleri de\u011ferlendirdi ve Renault Talisman bu \u00f6d\u00fcle lay\u0131k g\u00f6r\u00fcld\u00fc. J\u00fcri, Business Denmark (meslekleri gere\u011fi y\u0131lda 30-80.000 km yol kat eden sat\u0131\u015f temsilcilerini istihdam eden bir federasyon) \u00fcyelerinden olu\u015fuyor. J\u00fcride ayn\u0131 zamanda [&hellip;]<\/p>\n","protected":false},"author":1,"featured_media":13694,"comment_status":"open","ping_status":"open","sticky":false,"template":"","format":"standard","meta":[],"categories":[1],"tags":[6804],"_links":{"self":[{"href":"https:\/\/www.digitalcarmagazine.com.tr\/Web\/wp-json\/wp\/v2\/posts\/13693"}],"collection":[{"href":"https:\/\/www.digitalcarmagazine.com.tr\/Web\/wp-json\/wp\/v2\/posts"}],"about":[{"href":"https:\/\/www.digitalcarmagazine.com.tr\/Web\/wp-json\/wp\/v2\/types\/post"}],"author":[{"embeddable":true,"href":"https:\/\/www.digitalcarmagazine.com.tr\/Web\/wp-json\/wp\/v2\/users\/1"}],"replies":[{"embeddable":true,"href":"https:\/\/www.digitalcarmagazine.com.tr\/Web\/wp-json\/wp\/v2\/comments?post=13693"}],"version-history":[{"count":3,"href":"https:\/\/www.digitalcarmagazine.com.tr\/Web\/wp-json\/wp\/v2\/posts\/13693\/revisions"}],"predecessor-version":[{"id":13716,"href":"https:\/\/www.digitalcarmagazine.com.tr\/Web\/wp-json\/wp\/v2\/posts\/13693\/revisions\/13716"}],"wp:featuredmedia":[{"embeddable":true,"href":"https:\/\/www.digitalcarmagazine.com.tr\/Web\/wp-json\/wp\/v2\/media\/13694"}],"wp:attachment":[{"href":"https:\/\/www.digitalcarmagazine.com.tr\/Web\/wp-json\/wp\/v2\/media?parent=13693"}],"wp:term":[{"taxonomy":"category","embeddable":true,"href":"https:\/\/www.digitalcarmagazine.com.tr\/Web\/wp-json\/wp\/v2\/categories?post=13693"},{"taxonomy":"post_tag","embeddable":true,"href":"https:\/\/www.digitalcarmagazine.com.tr\/Web\/wp-json\/wp\/v2\/tags?post=13693"}],"curies":[{"name":"wp","href":"https:\/\/api.w.org\/{rel}","templated":true}]}}