{"id":12521,"date":"2016-03-03T11:52:06","date_gmt":"2016-03-03T08:52:06","guid":{"rendered":"http:\/\/www.digitalcarmagazine.com.tr\/Web\/?p=12521"},"modified":"2016-03-03T11:52:06","modified_gmt":"2016-03-03T08:52:06","slug":"volvo-s90a-bir-odul-daha","status":"publish","type":"post","link":"https:\/\/www.digitalcarmagazine.com.tr\/Web\/volvo-s90a-bir-odul-daha\/","title":{"rendered":"Volvo S90&#8217;a Bir \u00d6d\u00fcl Daha"},"content":{"rendered":"<p>&nbsp;<\/p>\n<h3><a href=\"https:\/\/www.digitalcarmagazine.com.tr\/Web\/wp-content\/uploads\/170820_Location_Front_Quarter_Volvo_S90_Mussel_Blue.jpg\"><img loading=\"lazy\" class=\"alignleft size-medium wp-image-12524\" src=\"https:\/\/www.digitalcarmagazine.com.tr\/Web\/wp-content\/uploads\/170820_Location_Front_Quarter_Volvo_S90_Mussel_Blue-300x200.jpg\" alt=\"????????????????????????????????????????????\" width=\"300\" height=\"200\" srcset=\"https:\/\/www.digitalcarmagazine.com.tr\/Web\/wp-content\/uploads\/170820_Location_Front_Quarter_Volvo_S90_Mussel_Blue-300x200.jpg 300w, https:\/\/www.digitalcarmagazine.com.tr\/Web\/wp-content\/uploads\/170820_Location_Front_Quarter_Volvo_S90_Mussel_Blue-1024x682.jpg 1024w\" sizes=\"(max-width: 300px) 100vw, 300px\" \/><\/a>Volvo Cars&#8217;\u0131n premium sedan\u0131 Volvo S90, d\u00fcnya \u00e7ap\u0131nda profesyonel otomobil tasar\u0131mc\u0131lar\u0131 taraf\u0131ndan 2015 y\u0131l\u0131n\u0131n En \u0130yi \u00dcretim Otomobili Tasar\u0131m\u0131 (Production Car Design) \u00f6d\u00fcl\u00fcne lay\u0131k g\u00f6r\u00fcld\u00fc.<\/h3>\n<p>Car Design News taraf\u0131ndan verilen \u00f6d\u00fcl, otomotiv tasar\u0131m\u0131 \u00f6d\u00fclleri aras\u0131nda zirvede yer al\u0131yor. Yar\u0131\u015fman\u0131n j\u00fcrisi, Bentley, Daimler, McLaren ve Ferrari gibi \u00e7e\u015fitli \u015firketlerde \u00e7al\u0131\u015fan, 18 \u00fcst d\u00fczey otomobil tasar\u0131mc\u0131s\u0131ndan olu\u015fuyor. Volvo Cars Tasar\u0131mdan Sorumlu K\u0131demli Ba\u015fkan Yard\u0131mc\u0131s\u0131 Thomas Ingenlath, &#8220;En kaliteli malzemeyi kullan\u0131yor olmam\u0131z, tasar\u0131m\u0131zdaki klasik oranlar ve ve kontroll\u00fc y\u00fczeyler bizim kendi yolumuzu se\u00e7ti\u011fimizi g\u00f6steriyor. Bir kal\u0131ba girmek istemiyoruz, kendi duru\u015fumuzu sergilemek istiyoruz&#8221; dedi. Tasar\u0131m\u0131n\u0131n sakin do\u011fas\u0131, se\u00e7kin havaland\u0131rma panelleri ve kontrol y\u00fczeylerinde kendini g\u00f6steren temel tasar\u0131m elementleri yeni Volvo S90&#8217;\u0131n i\u00e7 tasar\u0131m\u0131na yo\u011fun ilgi g\u00f6sterilmesinin ba\u015fl\u0131ca nedenleri. Volvo S90, yar\u0131\u015fmada 18 ki\u015filik bir j\u00fcri taraf\u0131ndan 20 rakibinin aras\u0131ndan birinci se\u00e7ildi. Volvo Cars\u2019\u0131n yeni premium sedan\u0131, do\u011fru orant\u0131lar\u0131, \u00f6zg\u00fcn malzeme kullan\u0131m\u0131 ve zaman\u0131n \u00f6tesindeki tasar\u0131m\u0131 nedeniyle bu \u00f6d\u00fcle lay\u0131k g\u00f6r\u00fcld\u00fc. Car Design News edit\u00f6r\u00fc Owen Ready \u00f6d\u00fcl hakk\u0131nda, &#8220;Volvo S90, temiz ve sakin tasar\u0131m\u0131yla, end\u00fcstride \u00e7ok uzun zamand\u0131r \u00f6nemli bir sorun olan &#8216;tasar\u0131m e\u011flencesi&#8217; konusunu ortadan kald\u0131r\u0131yor&#8221; dedi.<\/p>\n<div id='gallery-1' class='gallery galleryid-12521 gallery-columns-3 gallery-size-thumbnail'><figure class='gallery-item'>\n\t\t\t<div class='gallery-icon landscape'>\n\t\t\t\t<a href='https:\/\/www.digitalcarmagazine.com.tr\/Web\/volvo-s90a-bir-odul-daha\/attachment\/12524\/'><img width=\"150\" height=\"150\" src=\"https:\/\/www.digitalcarmagazine.com.tr\/Web\/wp-content\/uploads\/170820_Location_Front_Quarter_Volvo_S90_Mussel_Blue-150x150.jpg\" class=\"attachment-thumbnail size-thumbnail\" alt=\"\" loading=\"lazy\" \/><\/a>\n\t\t\t<\/div><\/figure><figure class='gallery-item'>\n\t\t\t<div class='gallery-icon landscape'>\n\t\t\t\t<a href='https:\/\/www.digitalcarmagazine.com.tr\/Web\/volvo-s90a-bir-odul-daha\/attachment\/12522\/'><img width=\"150\" height=\"150\" src=\"https:\/\/www.digitalcarmagazine.com.tr\/Web\/wp-content\/uploads\/170897_Rear_Quarter_Volvo_S90_Mussel_Blue_2-150x150.jpg\" class=\"attachment-thumbnail size-thumbnail\" alt=\"\" loading=\"lazy\" \/><\/a>\n\t\t\t<\/div><\/figure><figure class='gallery-item'>\n\t\t\t<div class='gallery-icon landscape'>\n\t\t\t\t<a href='https:\/\/www.digitalcarmagazine.com.tr\/Web\/volvo-s90a-bir-odul-daha\/attachment\/12523\/'><img width=\"150\" height=\"150\" src=\"https:\/\/www.digitalcarmagazine.com.tr\/Web\/wp-content\/uploads\/170886_Interior_Blond_Volvo_S90-150x150.jpg\" class=\"attachment-thumbnail size-thumbnail\" alt=\"\" loading=\"lazy\" \/><\/a>\n\t\t\t<\/div><\/figure>\n\t\t<\/div>\n\n","protected":false},"excerpt":{"rendered":"<p>&nbsp; Volvo Cars&#8217;\u0131n premium sedan\u0131 Volvo S90, d\u00fcnya \u00e7ap\u0131nda profesyonel otomobil tasar\u0131mc\u0131lar\u0131 taraf\u0131ndan 2015 y\u0131l\u0131n\u0131n En \u0130yi \u00dcretim Otomobili Tasar\u0131m\u0131 (Production Car Design) \u00f6d\u00fcl\u00fcne lay\u0131k g\u00f6r\u00fcld\u00fc. Car Design News taraf\u0131ndan verilen \u00f6d\u00fcl, otomotiv tasar\u0131m\u0131 \u00f6d\u00fclleri aras\u0131nda zirvede yer al\u0131yor. Yar\u0131\u015fman\u0131n j\u00fcrisi, Bentley, Daimler, McLaren ve Ferrari gibi \u00e7e\u015fitli \u015firketlerde \u00e7al\u0131\u015fan, 18 \u00fcst d\u00fczey otomobil tasar\u0131mc\u0131s\u0131ndan [&hellip;]<\/p>\n","protected":false},"author":1,"featured_media":0,"comment_status":"open","ping_status":"open","sticky":false,"template":"","format":"standard","meta":[],"categories":[1],"tags":[269,2801,2776,2803,2804,2802],"_links":{"self":[{"href":"https:\/\/www.digitalcarmagazine.com.tr\/Web\/wp-json\/wp\/v2\/posts\/12521"}],"collection":[{"href":"https:\/\/www.digitalcarmagazine.com.tr\/Web\/wp-json\/wp\/v2\/posts"}],"about":[{"href":"https:\/\/www.digitalcarmagazine.com.tr\/Web\/wp-json\/wp\/v2\/types\/post"}],"author":[{"embeddable":true,"href":"https:\/\/www.digitalcarmagazine.com.tr\/Web\/wp-json\/wp\/v2\/users\/1"}],"replies":[{"embeddable":true,"href":"https:\/\/www.digitalcarmagazine.com.tr\/Web\/wp-json\/wp\/v2\/comments?post=12521"}],"version-history":[{"count":1,"href":"https:\/\/www.digitalcarmagazine.com.tr\/Web\/wp-json\/wp\/v2\/posts\/12521\/revisions"}],"predecessor-version":[{"id":12525,"href":"https:\/\/www.digitalcarmagazine.com.tr\/Web\/wp-json\/wp\/v2\/posts\/12521\/revisions\/12525"}],"wp:attachment":[{"href":"https:\/\/www.digitalcarmagazine.com.tr\/Web\/wp-json\/wp\/v2\/media?parent=12521"}],"wp:term":[{"taxonomy":"category","embeddable":true,"href":"https:\/\/www.digitalcarmagazine.com.tr\/Web\/wp-json\/wp\/v2\/categories?post=12521"},{"taxonomy":"post_tag","embeddable":true,"href":"https:\/\/www.digitalcarmagazine.com.tr\/Web\/wp-json\/wp\/v2\/tags?post=12521"}],"curies":[{"name":"wp","href":"https:\/\/api.w.org\/{rel}","templated":true}]}}