{"id":1148,"date":"2012-03-06T22:41:04","date_gmt":"2012-03-06T22:41:04","guid":{"rendered":"http:\/\/www.digitalcarmagazine.com.tr\/Web\/?p=1148"},"modified":"2012-03-06T22:41:04","modified_gmt":"2012-03-06T22:41:04","slug":"ford-b-max-ilk-kez-2012-cenevre-otomobil-fuarinda-sergilendi","status":"publish","type":"post","link":"https:\/\/www.digitalcarmagazine.com.tr\/Web\/ford-b-max-ilk-kez-2012-cenevre-otomobil-fuarinda-sergilendi\/","title":{"rendered":"Ford B-Max ilk kez 2012 Cenevre Otomobil Fuar\u0131&#8217;nda sergilendi"},"content":{"rendered":"<h4 style=\"text-align: left;\" align=\"center\">Kayar arka kap\u0131lar\u0131 ile s\u0131n\u0131f\u0131n\u0131n en iyi kabin eri\u015fimini sa\u011flayan Ford B-Max, farkl\u0131 g\u00f6vde tasar\u0131m\u0131 ile otomobil d\u00fcnyas\u0131ndaki yerini al\u0131yor. \u00a0SYNC kullan\u0131c\u0131 arabirimi sayesinde, kaza an\u0131nda 112 acil yard\u0131m\u0131 otomatik olarak arayan Ford Acil Durum Yard\u0131m\u0131 \u00f6zelli\u011fi ile teknolojik \u00f6zelli\u011finin fark\u0131n\u0131 g\u00f6steriyor&#8230;<\/h4>\n<p>Bu y\u0131l ger\u00e7ekle\u015ftirilen Cenevre Otomobil Fuar\u0131\u2019nda sergilenmeye ba\u015flanan yeni Ford B-MAX benzersiz tasar\u0131m\u0131, \u00fcst\u00fcn yak\u0131t tasarrufu ile birlikte sundu\u011fu \u00fcst\u00fcn teknolojik \u00f6zellikleri sayesinde Avrupa\u2019da k\u00fc\u00e7\u00fck ara\u00e7larda sunulan ileri teknolojinin en ba\u015far\u0131l\u0131 \u00f6rneklerinden biri konumunda.<\/p>\n<p><a href=\"https:\/\/www.digitalcarmagazine.com.tr\/Web\/wp-content\/uploads\/Ford-B-MAX.jpg\"><img loading=\"lazy\" class=\"alignleft size-medium wp-image-1149\" title=\"Ford Stand Geneva Motor Show 2012Launch All new Ford B-MAX\" src=\"https:\/\/www.digitalcarmagazine.com.tr\/Web\/wp-content\/uploads\/Ford-B-MAX-300x200.jpg\" alt=\"\" width=\"300\" height=\"200\" srcset=\"https:\/\/www.digitalcarmagazine.com.tr\/Web\/wp-content\/uploads\/Ford-B-MAX-300x200.jpg 300w, https:\/\/www.digitalcarmagazine.com.tr\/Web\/wp-content\/uploads\/Ford-B-MAX-1024x682.jpg 1024w\" sizes=\"(max-width: 300px) 100vw, 300px\" \/><\/a><\/p>\n<p>B-MAX\u2019in &#8216;Ford Kolay Giri\u015f Sistemi&#8217; olarak adland\u0131r\u0131lan ve B s\u00fctununu ortadan kald\u0131ran kayar arka kap\u0131lara sahip g\u00f6vde tasar\u0131m\u0131 sayesinde araca giri\u015f ve \u00e7\u0131k\u0131\u015f s\u0131ras\u0131ndaki engeller tamam\u0131yla ortadan kalk\u0131yor. Yeni B-MAX\u2019te B s\u00fctunu \u00f6n ve arka kap\u0131lara entegre edilerek g\u00f6vdenin bir par\u00e7as\u0131 olmaktan \u00e7\u0131kar\u0131ld\u0131. Rahatl\u0131k ve esneklikte yeni boyutlar sunan yeni B-MAX\u2019te hem \u00f6n hem de arka kap\u0131lar a\u00e7\u0131k durumdayken 1.5 metreden daha geni\u015f bir a\u00e7\u0131kl\u0131k ile i\u00e7 mekana \u00e7ok rahat eri\u015fim imkan\u0131 sa\u011fland\u0131.<\/p>\n<p>Yeni model benzinli ve dizel motorlu<sup>1<\/sup> versiyonlar\u0131 ile s\u0131n\u0131f\u0131nda \u00f6nc\u00fc yak\u0131t tasarrufu ve d\u00fc\u015f\u00fck CO2 emisyon seviyelerini bir arada sunuyor. B-MAX\u2019in benzinli motor \u00fcr\u00fcn gam\u0131nda 90 HP 1.4 litre Duratec motor, Ford\u2019un PowerShift 6 ileri otomatik vites ile birlikte sunulan 105 HP 1.6 litre Duratec motor ve d\u00fc\u015f\u00fck yak\u0131t t\u00fcketimi ile egzoz emisyon de\u011ferlerinin bir arada sunuldu\u011fu 1.0\u00a0litre EcoBoost 100\u00a0HP yer al\u0131yor. B-MAX\u2019te ayr\u0131ca 95 HP 1.6 litrelik dizel motora ilave olarak 75 HP\u2019lik g\u00fcce sahip 1.5 litre dizel motor ise Ford\u2019un Avrupa \u00fcr\u00fcn gam\u0131nda ilk kez kullan\u0131l\u0131yor olacak.<\/p>\n<h4><span style=\"color: #ff0000;\">Acil durumlarda 112&#8217;yi ar\u0131yor&#8230;<\/span><\/h4>\n<p>Ara\u00e7 i\u00e7i etkile\u015fimi artt\u0131ran kullan\u0131c\u0131 arabirimi SYNC ile birlikte gelen ve kaza halinde 112 acil yard\u0131m\u0131 otomatik olarak arayan &#8216;Acil Durum Yard\u0131m&#8217; \u00f6zelli\u011fi Ford\u2019un Avrupa pazar\u0131nda ilk olarak B-MAX\u2019te sunuluyor.<\/p>\n<p>Ford B-MAX ayn\u0131 zamanda bulundu\u011fu segmentte Aktif \u015eehiri\u00e7i G\u00fcvenlik Sistemi&#8217;ni sunan ilk ara\u00e7 olma \u00f6zelli\u011fine sahip. 2011 y\u0131l\u0131nda EuroNCAP \u00f6d\u00fcl\u00fcn\u00fc kazanan bu teknolojide 30km\/s h\u0131z alt\u0131nda seyrederken \u00f6ndeki ara\u00e7 ile mesafenin aniden azalmas\u0131 ya da \u00f6ndeki arac\u0131n durmas\u0131 halinde, kazadan ka\u00e7\u0131nman\u0131za yard\u0131m etmek i\u00e7in \u00f6nceden frenlerini haz\u0131rl\u0131yor ve s\u00fcr\u00fcc\u00fc zaman\u0131nda tepki g\u00f6stermezse sistem s\u00fcr\u00fcc\u00fc yerine otomatik olarak fren yap\u0131yor.<\/p>\n<p><strong>Ford Avrupa CEO\u2019su ve Y\u00f6netim Kurulu Ba\u015fkan\u0131 Stephen Odell<\/strong> <em>\u201cFord B-MAX, geleneksel k\u00fc\u00e7\u00fck ara\u00e7 anlay\u0131\u015f\u0131n\u0131 ger\u00e7ek anlamda de\u011fi\u015ftiriyor ve di\u011fer \u00fcreticilerin cesaret etmedi\u011fi bir konseptin \u00f6nc\u00fcl\u00fc\u011f\u00fcn\u00fc yap\u0131yor\u201d<\/em> diyerek s\u00f6zlerine \u015f\u00f6yle devam etti: <em>\u201cYarat\u0131c\u0131 tasar\u0131m\u0131 ile B-MAX\u2019in kap\u0131lar\u0131n\u0131, kompakt bir ara\u00e7 ile neler yap\u0131labilece\u011fini g\u00f6steren heyecanl\u0131 yeni fikirlere a\u00e7\u0131yoruz.\u201d<\/em><\/p>\n<p>B-MAX\u2019in sadece k\u00fc\u00e7\u00fck ve \u00e7ok y\u00f6nl\u00fc bir ara\u00e7 olmakla kalmad\u0131\u011f\u0131n\u0131 belirten Odell, s\u00f6zlerini \u015f\u00f6yle s\u00fcrd\u00fcrd\u00fc: \u201cEn yeni Ford teknolojileri B-MAX\u2019e daha keyifli bir s\u00fcr\u00fc\u015f, daha fazla g\u00fcvenlik ve s\u0131n\u0131f\u0131n\u0131n lideri yak\u0131t tasarrufu sunmas\u0131n\u0131 sa\u011fl\u0131yor. \u00d6zetle ifade etmek gerekirse, B-MAX di\u011fer ara\u00e7lar\u0131n ger\u00e7ekle\u015ftiremedi\u011fini ba\u015far\u0131yor. Ford B-MAX\u2019in kompakt otomobil pazar\u0131nda \u00f6nemli bir etki yarataca\u011f\u0131na inan\u0131yoruz.\u201d<\/p>\n<p><a href=\"https:\/\/www.digitalcarmagazine.com.tr\/Web\/wp-content\/uploads\/Ford-B-MAX_Odell-Mulally.jpg\"><img loading=\"lazy\" class=\"alignleft size-medium wp-image-1150\" title=\"Ford B-MAX_Odell-Mulally\" src=\"https:\/\/www.digitalcarmagazine.com.tr\/Web\/wp-content\/uploads\/Ford-B-MAX_Odell-Mulally-300x200.jpg\" alt=\"\" width=\"300\" height=\"200\" srcset=\"https:\/\/www.digitalcarmagazine.com.tr\/Web\/wp-content\/uploads\/Ford-B-MAX_Odell-Mulally-300x200.jpg 300w, https:\/\/www.digitalcarmagazine.com.tr\/Web\/wp-content\/uploads\/Ford-B-MAX_Odell-Mulally-1024x682.jpg 1024w\" sizes=\"(max-width: 300px) 100vw, 300px\" \/><\/a><\/p>\n","protected":false},"excerpt":{"rendered":"<p>Kayar arka kap\u0131lar\u0131 ile s\u0131n\u0131f\u0131n\u0131n en iyi kabin eri\u015fimini sa\u011flayan Ford B-Max, farkl\u0131 g\u00f6vde tasar\u0131m\u0131 ile otomobil d\u00fcnyas\u0131ndaki yerini al\u0131yor. \u00a0SYNC kullan\u0131c\u0131 arabirimi sayesinde, kaza an\u0131nda 112 acil yard\u0131m\u0131 otomatik olarak arayan Ford Acil Durum Yard\u0131m\u0131 \u00f6zelli\u011fi ile teknolojik \u00f6zelli\u011finin fark\u0131n\u0131 g\u00f6steriyor&#8230; Bu y\u0131l ger\u00e7ekle\u015ftirilen Cenevre Otomobil Fuar\u0131\u2019nda sergilenmeye ba\u015flanan yeni Ford B-MAX benzersiz tasar\u0131m\u0131, [&hellip;]<\/p>\n","protected":false},"author":1,"featured_media":0,"comment_status":"open","ping_status":"open","sticky":false,"template":"","format":"standard","meta":[],"categories":[1],"tags":[],"_links":{"self":[{"href":"https:\/\/www.digitalcarmagazine.com.tr\/Web\/wp-json\/wp\/v2\/posts\/1148"}],"collection":[{"href":"https:\/\/www.digitalcarmagazine.com.tr\/Web\/wp-json\/wp\/v2\/posts"}],"about":[{"href":"https:\/\/www.digitalcarmagazine.com.tr\/Web\/wp-json\/wp\/v2\/types\/post"}],"author":[{"embeddable":true,"href":"https:\/\/www.digitalcarmagazine.com.tr\/Web\/wp-json\/wp\/v2\/users\/1"}],"replies":[{"embeddable":true,"href":"https:\/\/www.digitalcarmagazine.com.tr\/Web\/wp-json\/wp\/v2\/comments?post=1148"}],"version-history":[{"count":2,"href":"https:\/\/www.digitalcarmagazine.com.tr\/Web\/wp-json\/wp\/v2\/posts\/1148\/revisions"}],"predecessor-version":[{"id":1152,"href":"https:\/\/www.digitalcarmagazine.com.tr\/Web\/wp-json\/wp\/v2\/posts\/1148\/revisions\/1152"}],"wp:attachment":[{"href":"https:\/\/www.digitalcarmagazine.com.tr\/Web\/wp-json\/wp\/v2\/media?parent=1148"}],"wp:term":[{"taxonomy":"category","embeddable":true,"href":"https:\/\/www.digitalcarmagazine.com.tr\/Web\/wp-json\/wp\/v2\/categories?post=1148"},{"taxonomy":"post_tag","embeddable":true,"href":"https:\/\/www.digitalcarmagazine.com.tr\/Web\/wp-json\/wp\/v2\/tags?post=1148"}],"curies":[{"name":"wp","href":"https:\/\/api.w.org\/{rel}","templated":true}]}}