{"id":10219,"date":"2014-10-17T16:08:50","date_gmt":"2014-10-17T13:08:50","guid":{"rendered":"http:\/\/www.digitalcarmagazine.com.tr\/Web\/?p=10219"},"modified":"2014-11-22T19:33:05","modified_gmt":"2014-11-22T16:33:05","slug":"yerli-hyundaide-seri-uretim-baslandi","status":"publish","type":"post","link":"https:\/\/www.digitalcarmagazine.com.tr\/Web\/yerli-hyundaide-seri-uretim-baslandi\/","title":{"rendered":"Yerli Hyundai i20&#8217;de Seri \u00dcretim Ba\u015fland\u0131"},"content":{"rendered":"<p><a href=\"https:\/\/www.digitalcarmagazine.com.tr\/Web\/wp-content\/uploads\/Hyundai-Yeni-i20-4.jpg\"><img loading=\"lazy\" class=\"alignleft size-medium wp-image-10223\" src=\"https:\/\/www.digitalcarmagazine.com.tr\/Web\/wp-content\/uploads\/Hyundai-Yeni-i20-4-300x200.jpg\" alt=\"Hyundai Yeni i20 (4)\" width=\"300\" height=\"200\" srcset=\"https:\/\/www.digitalcarmagazine.com.tr\/Web\/wp-content\/uploads\/Hyundai-Yeni-i20-4-300x200.jpg 300w, https:\/\/www.digitalcarmagazine.com.tr\/Web\/wp-content\/uploads\/Hyundai-Yeni-i20-4-1024x682.jpg 1024w\" sizes=\"(max-width: 300px) 100vw, 300px\" \/><\/a><\/p>\n<h3>T\u00fcrkiye&#8217;de \u00fcretilip d\u00fcnyaya sunulacak i20&#8217;nin \u00fcretimine ba\u015fland\u0131&#8230;<\/h3>\n<h3><\/h3>\n<p>Hyundai\u2019nin Almanya R\u00fcsselsheim\u2019da ki Ar&amp;Ge Merkezi\u2019nde geli\u015ftirilen ve tasarlanan Yeni i20 \u00fcretim band\u0131ndan inmeye haz\u0131r. Hyundai Assan Fabrikas\u0131\u2019ndaki en \u00fcst\u00fcn kalite ve T\u00fcrk i\u015f\u00e7isinin eme\u011fi ile \u00fcretilecek olan i20,Fluidic Sculpture 2.0 tasar\u0131m anlay\u0131\u015f\u0131n\u0131 temel al\u0131yor.<\/p>\n<h4><span style=\"color: #ff0000;\">Y\u00fczde 90&#8217;\u0131 ihra\u00e7 edilecek&#8230;<\/span><\/h4>\n<p>Hyundai Assan, y\u0131lda toplam 200.000 adet yeni i20 \u00fcretmeyi ve bu \u00fcretimin y\u00fczde 90\u2019undan fazlas\u0131n\u0131 Avrupa \u00fclkerine ihra\u00e7 etmeyi planl\u0131yor.<\/p>\n<p><a href=\"https:\/\/www.digitalcarmagazine.com.tr\/Web\/wp-content\/uploads\/Hyundai-Yeni-i20-31.jpg\"><img loading=\"lazy\" class=\"alignleft wp-image-10222 size-medium\" src=\"https:\/\/www.digitalcarmagazine.com.tr\/Web\/wp-content\/uploads\/Hyundai-Yeni-i20-31-300x200.jpg\" alt=\"Hyundai Yeni i20 (3)\" width=\"300\" height=\"200\" srcset=\"https:\/\/www.digitalcarmagazine.com.tr\/Web\/wp-content\/uploads\/Hyundai-Yeni-i20-31-300x200.jpg 300w, https:\/\/www.digitalcarmagazine.com.tr\/Web\/wp-content\/uploads\/Hyundai-Yeni-i20-31-1024x682.jpg 1024w\" sizes=\"(max-width: 300px) 100vw, 300px\" \/><\/a><\/p>\n<p>&nbsp;<\/p>\n<p>&nbsp;<\/p>\n<p>&nbsp;<\/p>\n<p>&nbsp;<\/p>\n<p>&nbsp;<\/p>\n<p>&nbsp;<\/p>\n<p>&nbsp;<\/p>\n<p><a href=\"https:\/\/www.digitalcarmagazine.com.tr\/Web\/wp-content\/uploads\/Hyundai-Yeni-i20-2.jpg\"><img loading=\"lazy\" class=\"alignleft wp-image-10221 size-medium\" src=\"https:\/\/www.digitalcarmagazine.com.tr\/Web\/wp-content\/uploads\/Hyundai-Yeni-i20-2-300x212.jpg\" alt=\"Hyundai Yeni i20 (2)\" width=\"300\" height=\"212\" srcset=\"https:\/\/www.digitalcarmagazine.com.tr\/Web\/wp-content\/uploads\/Hyundai-Yeni-i20-2-300x212.jpg 300w, https:\/\/www.digitalcarmagazine.com.tr\/Web\/wp-content\/uploads\/Hyundai-Yeni-i20-2-1024x725.jpg 1024w\" sizes=\"(max-width: 300px) 100vw, 300px\" \/><\/a><\/p>\n<p>&nbsp;<\/p>\n<p>&nbsp;<\/p>\n<p>&nbsp;<\/p>\n<p>&nbsp;<\/p>\n<p>&nbsp;<\/p>\n<p>&nbsp;<\/p>\n<p>&nbsp;<\/p>\n<p><a href=\"https:\/\/www.digitalcarmagazine.com.tr\/Web\/wp-content\/uploads\/Hyundai-Yeni-i20-1.jpg\"><img loading=\"lazy\" class=\"alignleft size-medium wp-image-10220\" src=\"https:\/\/www.digitalcarmagazine.com.tr\/Web\/wp-content\/uploads\/Hyundai-Yeni-i20-1-300x200.jpg\" alt=\"Hyundai Yeni i20 (1)\" width=\"300\" height=\"200\" srcset=\"https:\/\/www.digitalcarmagazine.com.tr\/Web\/wp-content\/uploads\/Hyundai-Yeni-i20-1-300x200.jpg 300w, https:\/\/www.digitalcarmagazine.com.tr\/Web\/wp-content\/uploads\/Hyundai-Yeni-i20-1-1024x682.jpg 1024w\" sizes=\"(max-width: 300px) 100vw, 300px\" \/><\/a><\/p>\n<p>&nbsp;<\/p>\n<p>&nbsp;<\/p>\n<p>&nbsp;<\/p>\n","protected":false},"excerpt":{"rendered":"<p>T\u00fcrkiye&#8217;de \u00fcretilip d\u00fcnyaya sunulacak i20&#8217;nin \u00fcretimine ba\u015fland\u0131&#8230; Hyundai\u2019nin Almanya R\u00fcsselsheim\u2019da ki Ar&amp;Ge Merkezi\u2019nde geli\u015ftirilen ve tasarlanan Yeni i20 \u00fcretim band\u0131ndan inmeye haz\u0131r. Hyundai Assan Fabrikas\u0131\u2019ndaki en \u00fcst\u00fcn kalite ve T\u00fcrk i\u015f\u00e7isinin eme\u011fi ile \u00fcretilecek olan i20,Fluidic Sculpture 2.0 tasar\u0131m anlay\u0131\u015f\u0131n\u0131 temel al\u0131yor. Y\u00fczde 90&#8217;\u0131 ihra\u00e7 edilecek&#8230; Hyundai Assan, y\u0131lda toplam 200.000 adet yeni i20 \u00fcretmeyi [&hellip;]<\/p>\n","protected":false},"author":1,"featured_media":10261,"comment_status":"open","ping_status":"open","sticky":false,"template":"","format":"standard","meta":[],"categories":[1],"tags":[766,638,763,764,767,765],"_links":{"self":[{"href":"https:\/\/www.digitalcarmagazine.com.tr\/Web\/wp-json\/wp\/v2\/posts\/10219"}],"collection":[{"href":"https:\/\/www.digitalcarmagazine.com.tr\/Web\/wp-json\/wp\/v2\/posts"}],"about":[{"href":"https:\/\/www.digitalcarmagazine.com.tr\/Web\/wp-json\/wp\/v2\/types\/post"}],"author":[{"embeddable":true,"href":"https:\/\/www.digitalcarmagazine.com.tr\/Web\/wp-json\/wp\/v2\/users\/1"}],"replies":[{"embeddable":true,"href":"https:\/\/www.digitalcarmagazine.com.tr\/Web\/wp-json\/wp\/v2\/comments?post=10219"}],"version-history":[{"count":7,"href":"https:\/\/www.digitalcarmagazine.com.tr\/Web\/wp-json\/wp\/v2\/posts\/10219\/revisions"}],"predecessor-version":[{"id":10251,"href":"https:\/\/www.digitalcarmagazine.com.tr\/Web\/wp-json\/wp\/v2\/posts\/10219\/revisions\/10251"}],"wp:featuredmedia":[{"embeddable":true,"href":"https:\/\/www.digitalcarmagazine.com.tr\/Web\/wp-json\/wp\/v2\/media\/10261"}],"wp:attachment":[{"href":"https:\/\/www.digitalcarmagazine.com.tr\/Web\/wp-json\/wp\/v2\/media?parent=10219"}],"wp:term":[{"taxonomy":"category","embeddable":true,"href":"https:\/\/www.digitalcarmagazine.com.tr\/Web\/wp-json\/wp\/v2\/categories?post=10219"},{"taxonomy":"post_tag","embeddable":true,"href":"https:\/\/www.digitalcarmagazine.com.tr\/Web\/wp-json\/wp\/v2\/tags?post=10219"}],"curies":[{"name":"wp","href":"https:\/\/api.w.org\/{rel}","templated":true}]}}