{"id":10207,"date":"2014-10-17T15:39:31","date_gmt":"2014-10-17T12:39:31","guid":{"rendered":"http:\/\/www.digitalcarmagazine.com.tr\/Web\/?p=10207"},"modified":"2014-11-14T14:35:41","modified_gmt":"2014-11-14T11:35:41","slug":"toyota-20-yildir-sakaryada","status":"publish","type":"post","link":"https:\/\/www.digitalcarmagazine.com.tr\/Web\/toyota-20-yildir-sakaryada\/","title":{"rendered":"Toyota Sakarya&#8217;daki 20. Y\u0131l\u0131n\u0131 Kutluyor"},"content":{"rendered":"<p><a href=\"https:\/\/www.digitalcarmagazine.com.tr\/Web\/wp-content\/uploads\/Toyota_Motor_20inci_Yil_Kutlamasi.jpg\"><img loading=\"lazy\" class=\"alignleft size-medium wp-image-10210\" src=\"https:\/\/www.digitalcarmagazine.com.tr\/Web\/wp-content\/uploads\/Toyota_Motor_20inci_Yil_Kutlamasi-300x199.jpg\" alt=\"Toyota_Motor_20inci_Yil_Kutlamasi\" width=\"300\" height=\"199\" srcset=\"https:\/\/www.digitalcarmagazine.com.tr\/Web\/wp-content\/uploads\/Toyota_Motor_20inci_Yil_Kutlamasi-300x199.jpg 300w, https:\/\/www.digitalcarmagazine.com.tr\/Web\/wp-content\/uploads\/Toyota_Motor_20inci_Yil_Kutlamasi-1024x682.jpg 1024w\" sizes=\"(max-width: 300px) 100vw, 300px\" \/><\/a><\/p>\n<h3>\u00dcretimdeki 20. y\u0131l\u0131n\u0131 kutlayan Toyota T\u00fcrkiye Sakarya tesislerini bas\u0131na a\u00e7t\u0131.<\/h3>\n<p>&nbsp;<\/p>\n<p>\u00dcretimde 20. Y\u0131l\u0131n\u0131 bas\u0131n mensuplar\u0131 ve \u00e7al\u0131\u015fanlar\u0131 ile kutlayan Toyota Otomotiv Sanayi T\u00fcrkiye A.\u015e. kap\u0131lar\u0131n\u0131 bizlere a\u00e7t\u0131. 20. Y\u0131l kutlamas\u0131 i\u00e7in T\u00fcrkiye\u2019ye gelen Toyota Motor Avrupa Ba\u015fkan ve Ceo\u2019su Didier Leroy,T\u00fcrkiye fabrikas\u0131n\u0131n ba\u015far\u0131lar\u0131 ve \u00fcretim kalitesine vurgu yaparken, T\u00fcrkiye i\u00e7in yat\u0131r\u0131mlar\u0131n\u0131 artt\u0131racaklar\u0131n\u0131 a\u00e7\u0131klad\u0131. Bu yat\u0131r\u0131mlar ile Toyota T\u00fcrkiye fabrikas\u0131n\u0131 ana ihra\u00e7 \u00fcss\u00fc haline getirmeyi planlad\u0131klar\u0131n\u0131 fakat yat\u0131r\u0131mlar hakk\u0131nda hala d\u00fc\u015f\u00fcnd\u00fcklerini s\u00f6yledi.<\/p>\n<h4><span style=\"color: #ff0000;\">\u00dcretimde art\u0131\u015f hedefleniyor&#8230;<\/span><\/h4>\n<p>3500 \u00e7al\u0131\u015fan\u0131 ile T\u00fcrkiye\u2019nin ihracat liderleri aras\u0131nda yer alan Toyota Otomotiv Sanayi 2014 y\u0131l\u0131 sonunda 135 bin otomobil \u00fcretmeyi ve bunun y\u00fczde 85\u2019ini ihra\u00e7 etmeyi planlanlayan Toyota Otomotiv Sanayi iki milyar dolarl\u0131k ihracat hedefine ula\u015fmay\u0131 planl\u0131yor.<\/p>\n<p>1994\u2019te ilk Corolla ile Sakarya<a href=\"https:\/\/www.digitalcarmagazine.com.tr\/Web\/wp-content\/uploads\/Hiroshi_Kato_Orhan_Ozer_Didier_Leroy_Jean-Yves_Jault_2.jpg\"><img loading=\"lazy\" class=\"alignleft size-medium wp-image-10209\" src=\"https:\/\/www.digitalcarmagazine.com.tr\/Web\/wp-content\/uploads\/Hiroshi_Kato_Orhan_Ozer_Didier_Leroy_Jean-Yves_Jault_2-300x178.jpg\" alt=\"Hiroshi_Kato_Orhan_Ozer_Didier_Leroy_Jean-Yves_Jault_2\" width=\"300\" height=\"178\" srcset=\"https:\/\/www.digitalcarmagazine.com.tr\/Web\/wp-content\/uploads\/Hiroshi_Kato_Orhan_Ozer_Didier_Leroy_Jean-Yves_Jault_2-300x178.jpg 300w, https:\/\/www.digitalcarmagazine.com.tr\/Web\/wp-content\/uploads\/Hiroshi_Kato_Orhan_Ozer_Didier_Leroy_Jean-Yves_Jault_2-1024x609.jpg 1024w\" sizes=\"(max-width: 300px) 100vw, 300px\" \/><\/a>\u2019da \u00fcretime ba\u015flayan Toyota Otomotiv Sanayi A.\u015e. ,2014 y\u0131l\u0131nda halen Corolla ve Verso modellerini \u00fcretmekte.<\/p>\n<p>20. y\u0131l kapsam\u0131nda konu\u015fan Toyota T\u00fcrkiye Ceo\u2019su Orhan \u00d6zer \u201cFabrikam\u0131z \u00fcretim kalitemiz sayesinde Usta Fabrika \u00f6d\u00fcl\u00fcne sahip olduk. Bu kalite sayesinde Toyota taraf\u0131ndan yat\u0131r\u0131m ve \u00fcretim art\u0131\u015f\u0131na lay\u0131k g\u00f6r\u00fcld\u00fck. Bu kapsamda t\u00fcm \u00e7al\u0131\u015fanlar\u0131m\u0131z b\u00fcy\u00fck bir pay sahibidir. Her zaman uyumlu i\u015fbirli\u011fi i\u00e7inde oldu\u011fumuz ve desteklerini bundan sonra da s\u00fcrd\u00fcreceklerinden emin oldu\u011fum yan sanayimize de \u00e7ok g\u00fcveniyoruz. Destekleri i\u00e7in t\u00fcm i\u015f ortaklar\u0131m\u0131za te\u015fekk\u00fcr ediyorum\u201d dedi.<\/p>\n<p>20. y\u0131l \u00fcretim kutlamalar\u0131na kat\u0131lan Toyota Motor Avrupa Ba\u015fkan ve Ceo\u2019su Didier Leroy \u201cToyota T\u00fcrkiye\u2019nin g\u00fcc\u00fc \u00fcst\u00fcn kalitesi bu bizi gururland\u0131r\u0131yor. T\u00fcrkiye\u2019nin ekonomisinin g\u00fcc\u00fcne g\u00fcveniyoruz. Bu kapsamda T\u00fcrkiye\u2019de ki yat\u0131r\u0131mlar\u0131m\u0131z\u0131 artt\u0131rmay\u0131 planl\u0131yoruz. Bu mevcut bir modelin T\u00fcrkiye\u2019de \u00fcretilmesi ve ya yeni bir modelin T\u00fcrkiye\u2019de \u00fcretilmesi olabilir bunun plan\u0131n\u0131 daha yapmad\u0131k ama T\u00fcrkiye\u2019yi ana ihra\u00e7 \u00fcss\u00fcm\u00fcz haline getirmeyi istiyoruz\u201d diye konu\u015ftu.<\/p>\n<h4><span style=\"color: #ff0000;\">Yat\u0131r\u0131mlar planlan\u0131yor&#8230;<\/span><\/h4>\n<p>Toyota T\u00fcrkiye fabrikas\u0131nda \u00fcretimde olan Corolla ve Verso d\u0131\u015f\u0131nda \u00fc\u00e7\u00fcnc\u00fc bir model hakk\u0131nda konu\u015fan Leroy \u201cMevcut bir modeli burada \u00fcretiriz, belki yeni bir model \u00fcretiriz. T\u00fcrkiye \u00e7ok geni\u015f bir b\u00f6lgeye ihracat yapabilir lokasyonda. Yeni bir model burada \u00fcretebilecek seviyede ama karar\u0131 ald\u0131\u011f\u0131m\u0131zda, karar netle\u015fince payla\u015faca\u011f\u0131z. Ya mevcut arac\u0131n hacmini art\u0131r\u0131r\u0131z ya da yeni bir model \u00fcretiriz. \u00dc\u00e7\u00fcnc\u00fc model i\u00e7in at\u0131lm\u0131\u015f herhangi bir ad\u0131m yok. Bunun i\u00e7in \u00e7ok ciddi kararlar vermemiz gerekiyor\u201d\u00a0 dedi.<\/p>\n<p><a href=\"https:\/\/www.digitalcarmagazine.com.tr\/Web\/wp-content\/uploads\/Uretim-1994_1.jpg\"><img loading=\"lazy\" class=\"alignleft size-medium wp-image-10211\" src=\"https:\/\/www.digitalcarmagazine.com.tr\/Web\/wp-content\/uploads\/Uretim-1994_1-300x202.jpg\" alt=\"Uretim 1994_1\" width=\"300\" height=\"202\" srcset=\"https:\/\/www.digitalcarmagazine.com.tr\/Web\/wp-content\/uploads\/Uretim-1994_1-300x202.jpg 300w, https:\/\/www.digitalcarmagazine.com.tr\/Web\/wp-content\/uploads\/Uretim-1994_1-1024x692.jpg 1024w\" sizes=\"(max-width: 300px) 100vw, 300px\" \/><\/a><\/p>\n<h4><span style=\"color: #ff0000;\">Hybit modellerin gelece\u011fi \u00e7ok parlak&#8230;<\/span><\/h4>\n<p>Hybrit modeller hakk\u0131nda da konu\u015fan Leroy \u201c T\u00fcrkiye de ara\u00e7 sat\u0131\u015f\u0131nda hybrit pay\u0131 y\u00fczde 1 gelecekte ne olur bilemeyiz. T\u00fcrkiye\u2019de hybrit ara\u00e7 sat\u0131\u015f\u0131 artarsa mevcut modelin Hybrit versiyonunu ya da farkl\u0131 bir modelin hybrit versiyonunu T\u00fcrkiye\u2019de \u00fcretebiliriz.\u201d Derken di\u011fer markalar\u0131n hybrit ara\u00e7lar\u0131 i\u00e7inde \u201cBiz ilk hybrit arac\u0131m\u0131z\u0131 \u00fcretti\u011fimizde \u00e7\u00f6p diyen markalar Paris Auto Show\u2019da g\u00f6\u011f\u00fcslerini gere gere Hybrit ara\u00e7lar\u0131n\u0131 tan\u0131t\u0131yorlar. Biz hybrit ara\u00e7lar\u0131n gelece\u011fine g\u00fcveniyoruz\u201d diye ekledi.<\/p>\n<h4><span style=\"color: #ff0000;\">\u0130hracat 20 milyar dolar\u0131 ge\u00e7ti!<\/span><\/h4>\n<p>Bug\u00fcne kadar yap\u0131lan toplam yat\u0131r\u0131m\u0131n 1.9 milyar dolara ula\u015ft\u0131\u011f\u0131 Toyota Otomotiv Sanayi, 2002 y\u0131l\u0131nda ihracata ba\u015flad\u0131 ve k\u00fcm\u00fclatif ihracat tutar\u0131 20 milyar dolar\u0131 ge\u00e7ti. Eyl\u00fcl 1994 den bu yana \u00fcretilen 1.5 milyon otomobil modelleri \u015funlar: Corolla (Corolla Wagon dahil olmak \u00fczere yedinci, sekizinci, dokuzuncu ve halen onbirinci nesil), Auris (2007-2012 d\u00f6neminde \u00fcretildi), Verso (2004 y\u0131l\u0131nda ba\u015flad\u0131, 2009 y\u0131l\u0131ndan bu yana mevcut model).<\/p>\n<p>Toplant\u0131n\u0131n ard\u0131ndan Toyota T\u00fcrkiye fabrikas\u0131n\u0131 bas\u0131n mensuplar\u0131na tan\u0131tt\u0131.<\/p>\n<p><a href=\"https:\/\/www.digitalcarmagazine.com.tr\/Web\/wp-content\/uploads\/20141015_150013.jpg\"><img loading=\"lazy\" class=\"alignleft size-medium wp-image-10212\" src=\"https:\/\/www.digitalcarmagazine.com.tr\/Web\/wp-content\/uploads\/20141015_144843-300x224.jpg\" alt=\"20141015_144843\" width=\"300\" height=\"224\" srcset=\"https:\/\/www.digitalcarmagazine.com.tr\/Web\/wp-content\/uploads\/20141015_144843-300x224.jpg 300w, https:\/\/www.digitalcarmagazine.com.tr\/Web\/wp-content\/uploads\/20141015_144843-1024x768.jpg 1024w\" sizes=\"(max-width: 300px) 100vw, 300px\" \/><\/a><\/p>\n<p>&nbsp;<\/p>\n<p>&nbsp;<\/p>\n<p>&nbsp;<\/p>\n<p>&nbsp;<\/p>\n<p>&nbsp;<\/p>\n<p>&nbsp;<\/p>\n<p>&nbsp;<\/p>\n<p>&nbsp;<\/p>\n<p><a href=\"https:\/\/www.digitalcarmagazine.com.tr\/Web\/wp-content\/uploads\/20141015_150013.jpg\"><img loading=\"lazy\" class=\"alignleft size-medium wp-image-10215\" src=\"https:\/\/www.digitalcarmagazine.com.tr\/Web\/wp-content\/uploads\/20141015_150013-300x224.jpg\" alt=\"20141015_150013\" width=\"300\" height=\"224\" srcset=\"https:\/\/www.digitalcarmagazine.com.tr\/Web\/wp-content\/uploads\/20141015_150013-300x224.jpg 300w, https:\/\/www.digitalcarmagazine.com.tr\/Web\/wp-content\/uploads\/20141015_150013-1024x768.jpg 1024w\" sizes=\"(max-width: 300px) 100vw, 300px\" \/><\/a><\/p>\n<p>&nbsp;<\/p>\n<p>&nbsp;<\/p>\n<p>&nbsp;<\/p>\n<p>&nbsp;<\/p>\n<p>&nbsp;<\/p>\n<p>&nbsp;<\/p>\n<p>&nbsp;<\/p>\n<p>&nbsp;<\/p>\n<p><a href=\"https:\/\/www.digitalcarmagazine.com.tr\/Web\/wp-content\/uploads\/20141015_145808.jpg\"><img loading=\"lazy\" class=\"alignleft size-medium wp-image-10214\" src=\"https:\/\/www.digitalcarmagazine.com.tr\/Web\/wp-content\/uploads\/20141015_145808-300x224.jpg\" alt=\"20141015_145808\" width=\"300\" height=\"224\" srcset=\"https:\/\/www.digitalcarmagazine.com.tr\/Web\/wp-content\/uploads\/20141015_145808-300x224.jpg 300w, https:\/\/www.digitalcarmagazine.com.tr\/Web\/wp-content\/uploads\/20141015_145808-1024x768.jpg 1024w\" sizes=\"(max-width: 300px) 100vw, 300px\" \/><\/a><\/p>\n<p>&nbsp;<\/p>\n<p>&nbsp;<\/p>\n<p>&nbsp;<\/p>\n<p>&nbsp;<\/p>\n<p>&nbsp;<\/p>\n<p>&nbsp;<\/p>\n<p>&nbsp;<\/p>\n<p>&nbsp;<\/p>\n<p><a href=\"https:\/\/www.digitalcarmagazine.com.tr\/Web\/wp-content\/uploads\/20141015_145652.jpg\"><img loading=\"lazy\" class=\"alignleft size-medium wp-image-10213\" src=\"https:\/\/www.digitalcarmagazine.com.tr\/Web\/wp-content\/uploads\/20141015_145652-300x224.jpg\" alt=\"20141015_145652\" width=\"300\" height=\"224\" srcset=\"https:\/\/www.digitalcarmagazine.com.tr\/Web\/wp-content\/uploads\/20141015_145652-300x224.jpg 300w, https:\/\/www.digitalcarmagazine.com.tr\/Web\/wp-content\/uploads\/20141015_145652-1024x768.jpg 1024w\" sizes=\"(max-width: 300px) 100vw, 300px\" \/><\/a><\/p>\n<p>&nbsp;<\/p>\n<p>&nbsp;<\/p>\n<p>&nbsp;<\/p>\n<p>&nbsp;<\/p>\n<p>&nbsp;<\/p>\n<p>&nbsp;<\/p>\n<p>&nbsp;<\/p>\n<p>&nbsp;<\/p>\n<p>&nbsp;<\/p>\n<p>&nbsp;<\/p>\n<p>Yaz\u0131: \u00c7a\u011fatay U\u011fur \/ Sakarya<\/p>\n<p>&nbsp;<\/p>\n<p>&nbsp;<\/p>\n<p>&nbsp;<\/p>\n<p>&nbsp;<\/p>\n","protected":false},"excerpt":{"rendered":"<p>\u00dcretimdeki 20. y\u0131l\u0131n\u0131 kutlayan Toyota T\u00fcrkiye Sakarya tesislerini bas\u0131na a\u00e7t\u0131. &nbsp; \u00dcretimde 20. Y\u0131l\u0131n\u0131 bas\u0131n mensuplar\u0131 ve \u00e7al\u0131\u015fanlar\u0131 ile kutlayan Toyota Otomotiv Sanayi T\u00fcrkiye A.\u015e. kap\u0131lar\u0131n\u0131 bizlere a\u00e7t\u0131. 20. Y\u0131l kutlamas\u0131 i\u00e7in T\u00fcrkiye\u2019ye gelen Toyota Motor Avrupa Ba\u015fkan ve Ceo\u2019su Didier Leroy,T\u00fcrkiye fabrikas\u0131n\u0131n ba\u015far\u0131lar\u0131 ve \u00fcretim kalitesine vurgu yaparken, T\u00fcrkiye i\u00e7in yat\u0131r\u0131mlar\u0131n\u0131 artt\u0131racaklar\u0131n\u0131 a\u00e7\u0131klad\u0131. Bu [&hellip;]<\/p>\n","protected":false},"author":1,"featured_media":10262,"comment_status":"open","ping_status":"open","sticky":false,"template":"","format":"standard","meta":[],"categories":[1],"tags":[758,760,761,762,103,759],"_links":{"self":[{"href":"https:\/\/www.digitalcarmagazine.com.tr\/Web\/wp-json\/wp\/v2\/posts\/10207"}],"collection":[{"href":"https:\/\/www.digitalcarmagazine.com.tr\/Web\/wp-json\/wp\/v2\/posts"}],"about":[{"href":"https:\/\/www.digitalcarmagazine.com.tr\/Web\/wp-json\/wp\/v2\/types\/post"}],"author":[{"embeddable":true,"href":"https:\/\/www.digitalcarmagazine.com.tr\/Web\/wp-json\/wp\/v2\/users\/1"}],"replies":[{"embeddable":true,"href":"https:\/\/www.digitalcarmagazine.com.tr\/Web\/wp-json\/wp\/v2\/comments?post=10207"}],"version-history":[{"count":6,"href":"https:\/\/www.digitalcarmagazine.com.tr\/Web\/wp-json\/wp\/v2\/posts\/10207\/revisions"}],"predecessor-version":[{"id":10250,"href":"https:\/\/www.digitalcarmagazine.com.tr\/Web\/wp-json\/wp\/v2\/posts\/10207\/revisions\/10250"}],"wp:featuredmedia":[{"embeddable":true,"href":"https:\/\/www.digitalcarmagazine.com.tr\/Web\/wp-json\/wp\/v2\/media\/10262"}],"wp:attachment":[{"href":"https:\/\/www.digitalcarmagazine.com.tr\/Web\/wp-json\/wp\/v2\/media?parent=10207"}],"wp:term":[{"taxonomy":"category","embeddable":true,"href":"https:\/\/www.digitalcarmagazine.com.tr\/Web\/wp-json\/wp\/v2\/categories?post=10207"},{"taxonomy":"post_tag","embeddable":true,"href":"https:\/\/www.digitalcarmagazine.com.tr\/Web\/wp-json\/wp\/v2\/tags?post=10207"}],"curies":[{"name":"wp","href":"https:\/\/api.w.org\/{rel}","templated":true}]}}